{"id":14988,"global_id":"www.obispadodeibiza.es\/ca\/?id=14988","global_id_lineage":["www.obispadodeibiza.es\/ca\/?id=14988"],"author":"5","status":"publish","date":"2021-11-15 13:21:44","date_utc":"2021-11-15 12:21:44","modified":"2021-11-15 13:21:44","modified_utc":"2021-11-15 12:21:44","url":"https:\/\/www.obispadodeibiza.es\/ca\/evento\/presa-de-possessio-de-nou-rector-de-sant-pau\/","rest_url":"https:\/\/www.obispadodeibiza.es\/ca\/wp-json\/tribe\/events\/v1\/events\/14988","title":"Presa de possessi\u00f3 de nou rector de Sant Pau","description":"<style type=\"text\/css\"><\/style><p>El Bisbe, Don Vicente Ribas Prats, presidir\u00e0 la celebraci\u00f3 que tindr\u00e0 lloc a les 19 hores a la parr\u00f2quia de Sant Pau, en qu\u00e8 el Reverend Jaiver Alonso Betancourt M\u00farcia, prendr\u00e0 possessi\u00f3 com a nou rector.<\/p>","excerpt":"","slug":"presa-de-possessio-de-nou-rector-de-sant-pau","image":false,"all_day":false,"start_date":"2021-12-12 12:00:00","start_date_details":{"year":"2021","month":"12","day":"12","hour":"12","minutes":"00","seconds":"00"},"end_date":"2021-12-12 13:00:00","end_date_details":{"year":"2021","month":"12","day":"12","hour":"13","minutes":"00","seconds":"00"},"utc_start_date":"2021-12-12 11:00:00","utc_start_date_details":{"year":"2021","month":"12","day":"12","hour":"11","minutes":"00","seconds":"00"},"utc_end_date":"2021-12-12 12:00:00","utc_end_date_details":{"year":"2021","month":"12","day":"12","hour":"12","minutes":"00","seconds":"00"},"timezone":"Europe\/Madrid","timezone_abbr":"CET","cost":"","cost_details":{"currency_symbol":"","currency_code":"","currency_position":"suffix","values":[]},"website":"","show_map":true,"show_map_link":true,"hide_from_listings":false,"sticky":false,"featured":false,"categories":[],"tags":[],"venue":[],"organizer":[],"custom_fields":[],"json_ld":{"@context":"http:\/\/schema.org","@type":"Event","name":"Presa de possessi\u00f3 de nou rector de Sant Pau","description":"&lt;p&gt;El Bisbe, Don Vicente Ribas Prats, presidir\u00e0 la celebraci\u00f3 que tindr\u00e0 lloc a les 19 hores a la parr\u00f2quia de Sant Pau, en qu\u00e8 el Reverend Jaiver Alonso Betancourt M\u00farcia,...&lt;\/p&gt;\\n","url":"https:\/\/www.obispadodeibiza.es\/ca\/evento\/presa-de-possessio-de-nou-rector-de-sant-pau\/","eventAttendanceMode":"https:\/\/schema.org\/OfflineEventAttendanceMode","eventStatus":"https:\/\/schema.org\/EventScheduled","startDate":"2021-12-12T12:00:00+01:00","endDate":"2021-12-12T13:00:00+01:00","performer":"Organization"}}