{"id":13911,"date":"2021-06-29T12:25:27","date_gmt":"2021-06-29T12:25:27","guid":{"rendered":"https:\/\/www.obispadodeibiza.es\/?p=13911"},"modified":"2021-06-30T06:46:53","modified_gmt":"2021-06-30T06:46:53","slug":"el-hno-mario-profesa-los-votos-perpetuos-en-la-parroquia-de-san-telmo","status":"publish","type":"post","link":"https:\/\/www.obispadodeibiza.es\/ca\/el-hno-mario-profesa-los-votos-perpetuos-en-la-parroquia-de-san-telmo\/","title":{"rendered":"EL HNO. MARIO PROFESA LOS VOTOS PERPETUOS EN LA PARROQUIA DE SAN TELMO"},"content":{"rendered":"<style type=\"text\/css\"><\/style>\n<p>El Domingo pasado, el <strong>Hermano Mario Ram\u00f3n Mart\u00ednez<\/strong>, perteneciente al Instituto del Verbo Encarnado, profes\u00f3 sus votos perpetuos en la Parroquia de San Telmo.<\/p>\n\n\n\n<p>El <strong>Padre Jos\u00e9 Gabriel Vicchy<\/strong>, Superior Provincial del IVE en Espa\u00f1a de la Provincia Ntra. Sra. del Pilar presidi\u00f3 la Eucarist\u00eda concelebrada por el Administrador Diocesano,<strong> D. Vicente Ribas Prats<\/strong>, el <strong>Padre Alejandro<\/strong>, Superior Local y p\u00e1rroco de San Telmo, el <strong>Padre Ricardo<\/strong> y el <strong>Padre Vicente Baudillo.<\/strong><\/p>\n\n\n\n<p>En la homil\u00eda, el Superior Provincial habl\u00f3 de la vocaci\u00f3n de los religiosos, del c\u00f3mo hoy d\u00eda es un esc\u00e1ndalo para el mundo; ya que todo religioso y cristiano parece navegar a contracorriente. Tras la misma se invoc\u00f3 a todos los Santos y se llev\u00f3 a cabo el rito de profesi\u00f3n perpetua donde el Hermano Mario manifest\u00f3 sus votos.<\/p>\n\n\n\n<p><strong>Mario<\/strong>, procedente de una familia religiosa en Argentina, lleg\u00f3 a Ibiza junto con su mujer y sus tres hijos en el a\u00f1o 2000 a causa de la gran crisis econ\u00f3mica que estaba viviendo su pa\u00eds. Dos a\u00f1os m\u00e1s tarde falleci\u00f3 su mujer qued\u00e1ndose viudo y en su soledad decidi\u00f3 volverse a Dios y no soltarse jam\u00e1s.<\/p>\n\n\n\n<p>La vocaci\u00f3n a Consagrarse a Cristo le naci\u00f3 meses m\u00e1s tarde, tras viajar a Medjugorje, donde la Virgen Mar\u00eda le toc\u00f3 el alma. &nbsp;Mario volvi\u00f3 enloquecido queri\u00e9ndose dar por completo a la Iglesia, ayudando en todo lo que hiciera falta. Fue entonces cuando uno de los sacerdotes de la di\u00f3cesis de Ibiza le habl\u00f3 de la vida consagrada y de la labor del Instituto del Verbo Encarnado (IVE) en las Pitiusas.<\/p>\n\n\n\n<p>Desde hace a\u00f1os est\u00e1 ayudando a los capellanes de los hospitales a llevar la comuni\u00f3n a los enfermos y a acompa\u00f1ar y consolar a los que est\u00e1n viviendo su enfermedad en soledad.<\/p>\n","protected":false},"excerpt":{"rendered":"<p>El Domingo pasado, el Hermano Mario Ram\u00f3n Mart\u00ednez, perteneciente al Instituto del Verbo Encarnado, profes\u00f3 sus votos perpetuos en la Parroquia de San Telmo. El Padre Jos\u00e9 Gabriel Vicchy, Superior&#8230;<\/p>\n","protected":false},"author":9,"featured_media":13913,"comment_status":"closed","ping_status":"open","sticky":false,"template":"","format":"standard","meta":{"_monsterinsights_skip_tracking":false,"_monsterinsights_sitenote_active":false,"_monsterinsights_sitenote_note":"","_monsterinsights_sitenote_category":0,"footnotes":""},"categories":[105],"tags":[],"class_list":["post-13911","post","type-post","status-publish","format-standard","has-post-thumbnail","hentry","category-noticias-ca"],"yoast_head":"<!-- This site is optimized with the Yoast SEO plugin v27.2 - https:\/\/yoast.com\/product\/yoast-seo-wordpress\/ -->\n<title>EL HNO. MARIO PROFESA LOS VOTOS PERPETUOS EN LA PARROQUIA DE SAN TELMO - Obispado de Ibiza<\/title>\n<meta name=\"robots\" content=\"index, follow, max-snippet:-1, max-image-preview:large, max-video-preview:-1\" \/>\n<link rel=\"canonical\" href=\"https:\/\/www.obispadodeibiza.es\/ca\/el-hno-mario-profesa-los-votos-perpetuos-en-la-parroquia-de-san-telmo\/\" \/>\n<meta property=\"og:locale\" content=\"ca_ES\" \/>\n<meta property=\"og:type\" content=\"article\" \/>\n<meta property=\"og:title\" content=\"EL HNO. MARIO PROFESA LOS VOTOS PERPETUOS EN LA PARROQUIA DE SAN TELMO - Obispado de Ibiza\" \/>\n<meta property=\"og:description\" content=\"El Domingo pasado, el Hermano Mario Ram\u00f3n Mart\u00ednez, perteneciente al Instituto del Verbo Encarnado, profes\u00f3 sus votos perpetuos en la Parroquia de San Telmo. El Padre Jos\u00e9 Gabriel Vicchy, Superior...\" \/>\n<meta property=\"og:url\" content=\"https:\/\/www.obispadodeibiza.es\/ca\/el-hno-mario-profesa-los-votos-perpetuos-en-la-parroquia-de-san-telmo\/\" \/>\n<meta property=\"og:site_name\" content=\"Obispado de Ibiza\" \/>\n<meta property=\"article:published_time\" content=\"2021-06-29T12:25:27+00:00\" \/>\n<meta property=\"article:modified_time\" content=\"2021-06-30T06:46:53+00:00\" \/>\n<meta property=\"og:image\" content=\"https:\/\/www.obispadodeibiza.es\/wp-content\/uploads\/2021\/06\/hno-mario.jpeg\" \/>\n\t<meta property=\"og:image:width\" content=\"860\" \/>\n\t<meta property=\"og:image:height\" content=\"645\" \/>\n\t<meta property=\"og:image:type\" content=\"image\/jpeg\" \/>\n<meta name=\"author\" content=\"Medianil SBQ\" \/>\n<meta name=\"twitter:card\" content=\"summary_large_image\" \/>\n<meta name=\"twitter:label1\" content=\"Escrit per\" \/>\n\t<meta name=\"twitter:data1\" content=\"Medianil SBQ\" \/>\n\t<meta name=\"twitter:label2\" content=\"Temps estimat de lectura\" \/>\n\t<meta name=\"twitter:data2\" content=\"2 minuts\" \/>\n<script type=\"application\/ld+json\" class=\"yoast-schema-graph\">{\"@context\":\"https:\/\/schema.org\",\"@graph\":[{\"@type\":\"Article\",\"@id\":\"https:\/\/www.obispadodeibiza.es\/ca\/el-hno-mario-profesa-los-votos-perpetuos-en-la-parroquia-de-san-telmo\/#article\",\"isPartOf\":{\"@id\":\"https:\/\/www.obispadodeibiza.es\/ca\/el-hno-mario-profesa-los-votos-perpetuos-en-la-parroquia-de-san-telmo\/\"},\"author\":{\"name\":\"Medianil SBQ\",\"@id\":\"https:\/\/www.obispadodeibiza.es\/ca\/#\/schema\/person\/968b66aef3d8942c5eda1bfed3226dc9\"},\"headline\":\"EL HNO. MARIO PROFESA LOS VOTOS PERPETUOS EN LA PARROQUIA DE SAN TELMO\",\"datePublished\":\"2021-06-29T12:25:27+00:00\",\"dateModified\":\"2021-06-30T06:46:53+00:00\",\"mainEntityOfPage\":{\"@id\":\"https:\/\/www.obispadodeibiza.es\/ca\/el-hno-mario-profesa-los-votos-perpetuos-en-la-parroquia-de-san-telmo\/\"},\"wordCount\":330,\"publisher\":{\"@id\":\"https:\/\/www.obispadodeibiza.es\/ca\/#organization\"},\"image\":{\"@id\":\"https:\/\/www.obispadodeibiza.es\/ca\/el-hno-mario-profesa-los-votos-perpetuos-en-la-parroquia-de-san-telmo\/#primaryimage\"},\"thumbnailUrl\":\"https:\/\/www.obispadodeibiza.es\/wp-content\/uploads\/2021\/06\/hno-mario.jpeg\",\"articleSection\":[\"Noticias\"],\"inLanguage\":\"ca\"},{\"@type\":\"WebPage\",\"@id\":\"https:\/\/www.obispadodeibiza.es\/ca\/el-hno-mario-profesa-los-votos-perpetuos-en-la-parroquia-de-san-telmo\/\",\"url\":\"https:\/\/www.obispadodeibiza.es\/ca\/el-hno-mario-profesa-los-votos-perpetuos-en-la-parroquia-de-san-telmo\/\",\"name\":\"EL HNO. MARIO PROFESA LOS VOTOS PERPETUOS EN LA PARROQUIA DE SAN TELMO - Obispado de Ibiza\",\"isPartOf\":{\"@id\":\"https:\/\/www.obispadodeibiza.es\/ca\/#website\"},\"primaryImageOfPage\":{\"@id\":\"https:\/\/www.obispadodeibiza.es\/ca\/el-hno-mario-profesa-los-votos-perpetuos-en-la-parroquia-de-san-telmo\/#primaryimage\"},\"image\":{\"@id\":\"https:\/\/www.obispadodeibiza.es\/ca\/el-hno-mario-profesa-los-votos-perpetuos-en-la-parroquia-de-san-telmo\/#primaryimage\"},\"thumbnailUrl\":\"https:\/\/www.obispadodeibiza.es\/wp-content\/uploads\/2021\/06\/hno-mario.jpeg\",\"datePublished\":\"2021-06-29T12:25:27+00:00\",\"dateModified\":\"2021-06-30T06:46:53+00:00\",\"breadcrumb\":{\"@id\":\"https:\/\/www.obispadodeibiza.es\/ca\/el-hno-mario-profesa-los-votos-perpetuos-en-la-parroquia-de-san-telmo\/#breadcrumb\"},\"inLanguage\":\"ca\",\"potentialAction\":[{\"@type\":\"ReadAction\",\"target\":[\"https:\/\/www.obispadodeibiza.es\/ca\/el-hno-mario-profesa-los-votos-perpetuos-en-la-parroquia-de-san-telmo\/\"]}]},{\"@type\":\"ImageObject\",\"inLanguage\":\"ca\",\"@id\":\"https:\/\/www.obispadodeibiza.es\/ca\/el-hno-mario-profesa-los-votos-perpetuos-en-la-parroquia-de-san-telmo\/#primaryimage\",\"url\":\"https:\/\/www.obispadodeibiza.es\/wp-content\/uploads\/2021\/06\/hno-mario.jpeg\",\"contentUrl\":\"https:\/\/www.obispadodeibiza.es\/wp-content\/uploads\/2021\/06\/hno-mario.jpeg\",\"width\":860,\"height\":645},{\"@type\":\"BreadcrumbList\",\"@id\":\"https:\/\/www.obispadodeibiza.es\/ca\/el-hno-mario-profesa-los-votos-perpetuos-en-la-parroquia-de-san-telmo\/#breadcrumb\",\"itemListElement\":[{\"@type\":\"ListItem\",\"position\":1,\"name\":\"Home\",\"item\":\"https:\/\/www.obispadodeibiza.es\/ca\/?page_id=23429\"},{\"@type\":\"ListItem\",\"position\":2,\"name\":\"EL HNO. MARIO PROFESA LOS VOTOS PERPETUOS EN LA PARROQUIA DE SAN TELMO\"}]},{\"@type\":\"WebSite\",\"@id\":\"https:\/\/www.obispadodeibiza.es\/ca\/#website\",\"url\":\"https:\/\/www.obispadodeibiza.es\/ca\/\",\"name\":\"Obispado de Ibiza\",\"description\":\"Web Oficial de la Di\u00f3cesis de Ibiza\",\"publisher\":{\"@id\":\"https:\/\/www.obispadodeibiza.es\/ca\/#organization\"},\"potentialAction\":[{\"@type\":\"SearchAction\",\"target\":{\"@type\":\"EntryPoint\",\"urlTemplate\":\"https:\/\/www.obispadodeibiza.es\/ca\/?s={search_term_string}\"},\"query-input\":{\"@type\":\"PropertyValueSpecification\",\"valueRequired\":true,\"valueName\":\"search_term_string\"}}],\"inLanguage\":\"ca\"},{\"@type\":\"Organization\",\"@id\":\"https:\/\/www.obispadodeibiza.es\/ca\/#organization\",\"name\":\"Obispado de Ibiza\",\"url\":\"https:\/\/www.obispadodeibiza.es\/ca\/\",\"logo\":{\"@type\":\"ImageObject\",\"inLanguage\":\"ca\",\"@id\":\"https:\/\/www.obispadodeibiza.es\/ca\/#\/schema\/logo\/image\/\",\"url\":\"https:\/\/www.obispadodeibiza.es\/wp-content\/uploads\/2021\/03\/logo-bisbat-eivissa-color.png\",\"contentUrl\":\"https:\/\/www.obispadodeibiza.es\/wp-content\/uploads\/2021\/03\/logo-bisbat-eivissa-color.png\",\"width\":1739,\"height\":1544,\"caption\":\"Obispado de Ibiza\"},\"image\":{\"@id\":\"https:\/\/www.obispadodeibiza.es\/ca\/#\/schema\/logo\/image\/\"}},{\"@type\":\"Person\",\"@id\":\"https:\/\/www.obispadodeibiza.es\/ca\/#\/schema\/person\/968b66aef3d8942c5eda1bfed3226dc9\",\"name\":\"Medianil SBQ\",\"url\":\"https:\/\/www.obispadodeibiza.es\/ca\/author\/medianil-ibiza\/\"}]}<\/script>\n<!-- \/ Yoast SEO plugin. -->","yoast_head_json":{"title":"EL HNO. MARIO PROFESA LOS VOTOS PERPETUOS EN LA PARROQUIA DE SAN TELMO - Obispado de Ibiza","robots":{"index":"index","follow":"follow","max-snippet":"max-snippet:-1","max-image-preview":"max-image-preview:large","max-video-preview":"max-video-preview:-1"},"canonical":"https:\/\/www.obispadodeibiza.es\/ca\/el-hno-mario-profesa-los-votos-perpetuos-en-la-parroquia-de-san-telmo\/","og_locale":"ca_ES","og_type":"article","og_title":"EL HNO. MARIO PROFESA LOS VOTOS PERPETUOS EN LA PARROQUIA DE SAN TELMO - Obispado de Ibiza","og_description":"El Domingo pasado, el Hermano Mario Ram\u00f3n Mart\u00ednez, perteneciente al Instituto del Verbo Encarnado, profes\u00f3 sus votos perpetuos en la Parroquia de San Telmo. El Padre Jos\u00e9 Gabriel Vicchy, Superior...","og_url":"https:\/\/www.obispadodeibiza.es\/ca\/el-hno-mario-profesa-los-votos-perpetuos-en-la-parroquia-de-san-telmo\/","og_site_name":"Obispado de Ibiza","article_published_time":"2021-06-29T12:25:27+00:00","article_modified_time":"2021-06-30T06:46:53+00:00","og_image":[{"width":860,"height":645,"url":"https:\/\/www.obispadodeibiza.es\/wp-content\/uploads\/2021\/06\/hno-mario.jpeg","type":"image\/jpeg"}],"author":"Medianil SBQ","twitter_card":"summary_large_image","twitter_misc":{"Escrit per":"Medianil SBQ","Temps estimat de lectura":"2 minuts"},"schema":{"@context":"https:\/\/schema.org","@graph":[{"@type":"Article","@id":"https:\/\/www.obispadodeibiza.es\/ca\/el-hno-mario-profesa-los-votos-perpetuos-en-la-parroquia-de-san-telmo\/#article","isPartOf":{"@id":"https:\/\/www.obispadodeibiza.es\/ca\/el-hno-mario-profesa-los-votos-perpetuos-en-la-parroquia-de-san-telmo\/"},"author":{"name":"Medianil SBQ","@id":"https:\/\/www.obispadodeibiza.es\/ca\/#\/schema\/person\/968b66aef3d8942c5eda1bfed3226dc9"},"headline":"EL HNO. MARIO PROFESA LOS VOTOS PERPETUOS EN LA PARROQUIA DE SAN TELMO","datePublished":"2021-06-29T12:25:27+00:00","dateModified":"2021-06-30T06:46:53+00:00","mainEntityOfPage":{"@id":"https:\/\/www.obispadodeibiza.es\/ca\/el-hno-mario-profesa-los-votos-perpetuos-en-la-parroquia-de-san-telmo\/"},"wordCount":330,"publisher":{"@id":"https:\/\/www.obispadodeibiza.es\/ca\/#organization"},"image":{"@id":"https:\/\/www.obispadodeibiza.es\/ca\/el-hno-mario-profesa-los-votos-perpetuos-en-la-parroquia-de-san-telmo\/#primaryimage"},"thumbnailUrl":"https:\/\/www.obispadodeibiza.es\/wp-content\/uploads\/2021\/06\/hno-mario.jpeg","articleSection":["Noticias"],"inLanguage":"ca"},{"@type":"WebPage","@id":"https:\/\/www.obispadodeibiza.es\/ca\/el-hno-mario-profesa-los-votos-perpetuos-en-la-parroquia-de-san-telmo\/","url":"https:\/\/www.obispadodeibiza.es\/ca\/el-hno-mario-profesa-los-votos-perpetuos-en-la-parroquia-de-san-telmo\/","name":"EL HNO. MARIO PROFESA LOS VOTOS PERPETUOS EN LA PARROQUIA DE SAN TELMO - Obispado de Ibiza","isPartOf":{"@id":"https:\/\/www.obispadodeibiza.es\/ca\/#website"},"primaryImageOfPage":{"@id":"https:\/\/www.obispadodeibiza.es\/ca\/el-hno-mario-profesa-los-votos-perpetuos-en-la-parroquia-de-san-telmo\/#primaryimage"},"image":{"@id":"https:\/\/www.obispadodeibiza.es\/ca\/el-hno-mario-profesa-los-votos-perpetuos-en-la-parroquia-de-san-telmo\/#primaryimage"},"thumbnailUrl":"https:\/\/www.obispadodeibiza.es\/wp-content\/uploads\/2021\/06\/hno-mario.jpeg","datePublished":"2021-06-29T12:25:27+00:00","dateModified":"2021-06-30T06:46:53+00:00","breadcrumb":{"@id":"https:\/\/www.obispadodeibiza.es\/ca\/el-hno-mario-profesa-los-votos-perpetuos-en-la-parroquia-de-san-telmo\/#breadcrumb"},"inLanguage":"ca","potentialAction":[{"@type":"ReadAction","target":["https:\/\/www.obispadodeibiza.es\/ca\/el-hno-mario-profesa-los-votos-perpetuos-en-la-parroquia-de-san-telmo\/"]}]},{"@type":"ImageObject","inLanguage":"ca","@id":"https:\/\/www.obispadodeibiza.es\/ca\/el-hno-mario-profesa-los-votos-perpetuos-en-la-parroquia-de-san-telmo\/#primaryimage","url":"https:\/\/www.obispadodeibiza.es\/wp-content\/uploads\/2021\/06\/hno-mario.jpeg","contentUrl":"https:\/\/www.obispadodeibiza.es\/wp-content\/uploads\/2021\/06\/hno-mario.jpeg","width":860,"height":645},{"@type":"BreadcrumbList","@id":"https:\/\/www.obispadodeibiza.es\/ca\/el-hno-mario-profesa-los-votos-perpetuos-en-la-parroquia-de-san-telmo\/#breadcrumb","itemListElement":[{"@type":"ListItem","position":1,"name":"Home","item":"https:\/\/www.obispadodeibiza.es\/ca\/?page_id=23429"},{"@type":"ListItem","position":2,"name":"EL HNO. MARIO PROFESA LOS VOTOS PERPETUOS EN LA PARROQUIA DE SAN TELMO"}]},{"@type":"WebSite","@id":"https:\/\/www.obispadodeibiza.es\/ca\/#website","url":"https:\/\/www.obispadodeibiza.es\/ca\/","name":"Obispado de Ibiza","description":"Web Oficial de la Di\u00f3cesis de Ibiza","publisher":{"@id":"https:\/\/www.obispadodeibiza.es\/ca\/#organization"},"potentialAction":[{"@type":"SearchAction","target":{"@type":"EntryPoint","urlTemplate":"https:\/\/www.obispadodeibiza.es\/ca\/?s={search_term_string}"},"query-input":{"@type":"PropertyValueSpecification","valueRequired":true,"valueName":"search_term_string"}}],"inLanguage":"ca"},{"@type":"Organization","@id":"https:\/\/www.obispadodeibiza.es\/ca\/#organization","name":"Obispado de Ibiza","url":"https:\/\/www.obispadodeibiza.es\/ca\/","logo":{"@type":"ImageObject","inLanguage":"ca","@id":"https:\/\/www.obispadodeibiza.es\/ca\/#\/schema\/logo\/image\/","url":"https:\/\/www.obispadodeibiza.es\/wp-content\/uploads\/2021\/03\/logo-bisbat-eivissa-color.png","contentUrl":"https:\/\/www.obispadodeibiza.es\/wp-content\/uploads\/2021\/03\/logo-bisbat-eivissa-color.png","width":1739,"height":1544,"caption":"Obispado de Ibiza"},"image":{"@id":"https:\/\/www.obispadodeibiza.es\/ca\/#\/schema\/logo\/image\/"}},{"@type":"Person","@id":"https:\/\/www.obispadodeibiza.es\/ca\/#\/schema\/person\/968b66aef3d8942c5eda1bfed3226dc9","name":"Medianil SBQ","url":"https:\/\/www.obispadodeibiza.es\/ca\/author\/medianil-ibiza\/"}]}},"_links":{"self":[{"href":"https:\/\/www.obispadodeibiza.es\/ca\/wp-json\/wp\/v2\/posts\/13911","targetHints":{"allow":["GET"]}}],"collection":[{"href":"https:\/\/www.obispadodeibiza.es\/ca\/wp-json\/wp\/v2\/posts"}],"about":[{"href":"https:\/\/www.obispadodeibiza.es\/ca\/wp-json\/wp\/v2\/types\/post"}],"author":[{"embeddable":true,"href":"https:\/\/www.obispadodeibiza.es\/ca\/wp-json\/wp\/v2\/users\/9"}],"replies":[{"embeddable":true,"href":"https:\/\/www.obispadodeibiza.es\/ca\/wp-json\/wp\/v2\/comments?post=13911"}],"version-history":[{"count":1,"href":"https:\/\/www.obispadodeibiza.es\/ca\/wp-json\/wp\/v2\/posts\/13911\/revisions"}],"predecessor-version":[{"id":13912,"href":"https:\/\/www.obispadodeibiza.es\/ca\/wp-json\/wp\/v2\/posts\/13911\/revisions\/13912"}],"wp:featuredmedia":[{"embeddable":true,"href":"https:\/\/www.obispadodeibiza.es\/ca\/wp-json\/wp\/v2\/media\/13913"}],"wp:attachment":[{"href":"https:\/\/www.obispadodeibiza.es\/ca\/wp-json\/wp\/v2\/media?parent=13911"}],"wp:term":[{"taxonomy":"category","embeddable":true,"href":"https:\/\/www.obispadodeibiza.es\/ca\/wp-json\/wp\/v2\/categories?post=13911"},{"taxonomy":"post_tag","embeddable":true,"href":"https:\/\/www.obispadodeibiza.es\/ca\/wp-json\/wp\/v2\/tags?post=13911"}],"curies":[{"name":"wp","href":"https:\/\/api.w.org\/{rel}","templated":true}]}}