{"id":23527,"date":"2026-04-06T06:45:00","date_gmt":"2026-04-06T04:45:00","guid":{"rendered":"https:\/\/www.obispadodeibiza.es\/?p=23527"},"modified":"2026-04-15T15:21:38","modified_gmt":"2026-04-15T13:21:38","slug":"l11-dabril-sera-ordenat-capella-el-diaca-eddy-martin-gonzalez","status":"publish","type":"post","link":"https:\/\/www.obispadodeibiza.es\/ca\/l11-dabril-sera-ordenat-capella-el-diaca-eddy-martin-gonzalez\/","title":{"rendered":"EL BISBE D&#8217;EIVISSA ORDENA COM A CAPELL\u00c0 EL DIACA EDDY MART\u00cdN GONZ\u00c1LEZ"},"content":{"rendered":"<style type=\"text\/css\"><\/style>\n<p>La S. E. Catedral ha acollit aquest dissabte la solemne cerim\u00f2nia <strong>d&#8217;ordenaci\u00f3 presbiteral del diaca Eddy Mart\u00edn Gonz\u00e1lez<\/strong> per part del bisbe d&#8217;Eivissa, <strong>Mons. Vicent Ribas<\/strong>.<\/p>\n\n\n\n<p>El seminarista d&#8217;Eivissa Eddy Mart\u00edn ja va ser ordenat com a diaca transitori fa quatre mesos a l&#8217;esgl\u00e9sia del Convent, com a primer grau en l&#8217;ordre sagrat i primer pas cap al sacerdoci.<\/p>\n\n\n\n<figure class=\"wp-block-image size-large\"><img fetchpriority=\"high\" decoding=\"async\" width=\"1024\" height=\"768\" src=\"https:\/\/www.obispadodeibiza.es\/wp-content\/uploads\/2026\/04\/Ordenacion_Eddy_Martin1-1-1024x768.jpeg\" alt=\"\" class=\"wp-image-23564\" srcset=\"https:\/\/www.obispadodeibiza.es\/wp-content\/uploads\/2026\/04\/Ordenacion_Eddy_Martin1-1-1024x768.jpeg 1024w, https:\/\/www.obispadodeibiza.es\/wp-content\/uploads\/2026\/04\/Ordenacion_Eddy_Martin1-1-300x225.jpeg 300w, https:\/\/www.obispadodeibiza.es\/wp-content\/uploads\/2026\/04\/Ordenacion_Eddy_Martin1-1-768x576.jpeg 768w, https:\/\/www.obispadodeibiza.es\/wp-content\/uploads\/2026\/04\/Ordenacion_Eddy_Martin1-1-1536x1152.jpeg 1536w, https:\/\/www.obispadodeibiza.es\/wp-content\/uploads\/2026\/04\/Ordenacion_Eddy_Martin1-1-580x435.jpeg 580w, https:\/\/www.obispadodeibiza.es\/wp-content\/uploads\/2026\/04\/Ordenacion_Eddy_Martin1-1-860x645.jpeg 860w, https:\/\/www.obispadodeibiza.es\/wp-content\/uploads\/2026\/04\/Ordenacion_Eddy_Martin1-1-1160x870.jpeg 1160w, https:\/\/www.obispadodeibiza.es\/wp-content\/uploads\/2026\/04\/Ordenacion_Eddy_Martin1-1.jpeg 1600w\" sizes=\"(max-width: 1024px) 100vw, 1024px\" \/><\/figure>\n\n\n\n<p><em>Eddy Mart\u00edn, el primer per la dreta, en el moment d&#8217;entrar a la catedral<\/em><\/p>\n\n\n\n<p>Durant el ritual de l&#8217;ordenaci\u00f3 sacerdotal, el nou prevere ha prom\u00e8s<strong> exercir fidelment el seu ministeri, predicar l&#8217;Evangeli, celebrar els sagraments, obeir al seu bisbe i viure el celibat<\/strong>. Posteriorment, el bisbe i els sacerdots presents han imposatles mans sobre el seu cap i finalment el prelat ha pronunciat l&#8217;<strong>oraci\u00f3 de consagraci\u00f3 que ha convertit el diaca en capell\u00e0<\/strong>. Despr\u00e9s li han ungit les mans amb el sant crisma i li han lliurat al nou sacerdot el pa i el vi com a s\u00edmbols de la seva missi\u00f3 principal de <strong>celebrar l&#8217;Eucaristia<\/strong>.<\/p>\n\n\n\n<figure class=\"wp-block-image size-large\"><img decoding=\"async\" width=\"782\" height=\"1024\" src=\"https:\/\/www.obispadodeibiza.es\/wp-content\/uploads\/2026\/04\/Ordenacion_Eddy_Martin3-1-782x1024.jpeg\" alt=\"\" class=\"wp-image-23567\" srcset=\"https:\/\/www.obispadodeibiza.es\/wp-content\/uploads\/2026\/04\/Ordenacion_Eddy_Martin3-1-782x1024.jpeg 782w, https:\/\/www.obispadodeibiza.es\/wp-content\/uploads\/2026\/04\/Ordenacion_Eddy_Martin3-1-229x300.jpeg 229w, https:\/\/www.obispadodeibiza.es\/wp-content\/uploads\/2026\/04\/Ordenacion_Eddy_Martin3-1-768x1006.jpeg 768w, https:\/\/www.obispadodeibiza.es\/wp-content\/uploads\/2026\/04\/Ordenacion_Eddy_Martin3-1-580x759.jpeg 580w, https:\/\/www.obispadodeibiza.es\/wp-content\/uploads\/2026\/04\/Ordenacion_Eddy_Martin3-1-860x1126.jpeg 860w, https:\/\/www.obispadodeibiza.es\/wp-content\/uploads\/2026\/04\/Ordenacion_Eddy_Martin3-1.jpeg 950w\" sizes=\"(max-width: 782px) 100vw, 782px\" \/><\/figure>\n\n\n\n<p>Despr\u00e9s de la benvinguda al presbiteri amb una abra\u00e7ada, el nou sacerdot ha continuat concelebrant la missa.<\/p>\n\n\n\n<figure class=\"wp-block-image size-large\"><img decoding=\"async\" width=\"768\" height=\"1024\" src=\"https:\/\/www.obispadodeibiza.es\/wp-content\/uploads\/2026\/04\/Ordenacion_Eddy_Martin_Obispado_Ibiza12-1-768x1024.jpg\" alt=\"\" class=\"wp-image-23599\" srcset=\"https:\/\/www.obispadodeibiza.es\/wp-content\/uploads\/2026\/04\/Ordenacion_Eddy_Martin_Obispado_Ibiza12-1-768x1024.jpg 768w, https:\/\/www.obispadodeibiza.es\/wp-content\/uploads\/2026\/04\/Ordenacion_Eddy_Martin_Obispado_Ibiza12-1-225x300.jpg 225w, https:\/\/www.obispadodeibiza.es\/wp-content\/uploads\/2026\/04\/Ordenacion_Eddy_Martin_Obispado_Ibiza12-1-1152x1536.jpg 1152w, https:\/\/www.obispadodeibiza.es\/wp-content\/uploads\/2026\/04\/Ordenacion_Eddy_Martin_Obispado_Ibiza12-1-580x773.jpg 580w, https:\/\/www.obispadodeibiza.es\/wp-content\/uploads\/2026\/04\/Ordenacion_Eddy_Martin_Obispado_Ibiza12-1-860x1147.jpg 860w, https:\/\/www.obispadodeibiza.es\/wp-content\/uploads\/2026\/04\/Ordenacion_Eddy_Martin_Obispado_Ibiza12-1-1160x1547.jpg 1160w, https:\/\/www.obispadodeibiza.es\/wp-content\/uploads\/2026\/04\/Ordenacion_Eddy_Martin_Obispado_Ibiza12-1.jpg 1200w\" sizes=\"(max-width: 768px) 100vw, 768px\" \/><\/figure>\n\n\n\n<p><em>El nou prevere venera la imatge de Santa Maria, patrona de les Piti\u00fcses <\/em><\/p>\n\n\n\n<p><strong>Aquest diumenge, a les 12 del migdia, Eddy Mart\u00edn Gonz\u00e1lez oficiar\u00e0 la seua primera missa a l&#8217;esgl\u00e9sia de Nostra Senyora de Jes\u00fas.<\/strong><\/p>\n","protected":false},"excerpt":{"rendered":"<p>La S. E. Catedral ha acollit aquest dissabte la solemne cerim\u00f2nia d&#8217;ordenaci\u00f3 presbiteral del diaca Eddy Mart\u00edn Gonz\u00e1lez per part del bisbe d&#8217;Eivissa, Mons. Vicent Ribas. El seminarista d&#8217;Eivissa Eddy&#8230;<\/p>\n","protected":false},"author":4,"featured_media":23593,"comment_status":"closed","ping_status":"open","sticky":false,"template":"","format":"standard","meta":{"_monsterinsights_skip_tracking":false,"_monsterinsights_sitenote_active":false,"_monsterinsights_sitenote_note":"","_monsterinsights_sitenote_category":0,"footnotes":""},"categories":[7,105,135],"tags":[],"class_list":["post-23527","post","type-post","status-publish","format-standard","has-post-thumbnail","hentry","category-noticias","category-noticias-ca","category-noticies"],"yoast_head":"<!-- This site is optimized with the Yoast SEO plugin v27.2 - https:\/\/yoast.com\/product\/yoast-seo-wordpress\/ -->\n<title>EL BISBE D&#039;EIVISSA ORDENA COM A CAPELL\u00c0 EL DIACA EDDY MART\u00cdN GONZ\u00c1LEZ - Obispado de Ibiza<\/title>\n<meta name=\"robots\" content=\"index, follow, max-snippet:-1, max-image-preview:large, max-video-preview:-1\" \/>\n<link rel=\"canonical\" href=\"https:\/\/www.obispadodeibiza.es\/ca\/l11-dabril-sera-ordenat-capella-el-diaca-eddy-martin-gonzalez\/\" \/>\n<meta property=\"og:locale\" content=\"ca_ES\" \/>\n<meta property=\"og:type\" content=\"article\" \/>\n<meta property=\"og:title\" content=\"EL BISBE D&#039;EIVISSA ORDENA COM A CAPELL\u00c0 EL DIACA EDDY MART\u00cdN GONZ\u00c1LEZ - Obispado de Ibiza\" \/>\n<meta property=\"og:description\" content=\"La S. E. Catedral ha acollit aquest dissabte la solemne cerim\u00f2nia d&#8217;ordenaci\u00f3 presbiteral del diaca Eddy Mart\u00edn Gonz\u00e1lez per part del bisbe d&#8217;Eivissa, Mons. Vicent Ribas. El seminarista d&#8217;Eivissa Eddy...\" \/>\n<meta property=\"og:url\" content=\"https:\/\/www.obispadodeibiza.es\/ca\/l11-dabril-sera-ordenat-capella-el-diaca-eddy-martin-gonzalez\/\" \/>\n<meta property=\"og:site_name\" content=\"Obispado de Ibiza\" \/>\n<meta property=\"article:published_time\" content=\"2026-04-06T04:45:00+00:00\" \/>\n<meta property=\"article:modified_time\" content=\"2026-04-15T13:21:38+00:00\" \/>\n<meta property=\"og:image\" content=\"https:\/\/www.obispadodeibiza.es\/wp-content\/uploads\/2026\/04\/Ordenacion_Eddy_Martin_Obispado_Ibiza14.jpg\" \/>\n\t<meta property=\"og:image:width\" content=\"1600\" \/>\n\t<meta property=\"og:image:height\" content=\"1200\" \/>\n\t<meta property=\"og:image:type\" content=\"image\/jpeg\" \/>\n<meta name=\"author\" content=\"comunicacion\" \/>\n<meta name=\"twitter:card\" content=\"summary_large_image\" \/>\n<meta name=\"twitter:label1\" content=\"Escrit per\" \/>\n\t<meta name=\"twitter:data1\" content=\"comunicacion\" \/>\n\t<meta name=\"twitter:label2\" content=\"Temps estimat de lectura\" \/>\n\t<meta name=\"twitter:data2\" content=\"2 minuts\" \/>\n<script type=\"application\/ld+json\" class=\"yoast-schema-graph\">{\"@context\":\"https:\/\/schema.org\",\"@graph\":[{\"@type\":\"Article\",\"@id\":\"https:\/\/www.obispadodeibiza.es\/ca\/l11-dabril-sera-ordenat-capella-el-diaca-eddy-martin-gonzalez\/#article\",\"isPartOf\":{\"@id\":\"https:\/\/www.obispadodeibiza.es\/ca\/l11-dabril-sera-ordenat-capella-el-diaca-eddy-martin-gonzalez\/\"},\"author\":{\"name\":\"comunicacion\",\"@id\":\"https:\/\/www.obispadodeibiza.es\/ca\/#\/schema\/person\/e12423e229abea83411444918084d011\"},\"headline\":\"EL BISBE D&#8217;EIVISSA ORDENA COM A CAPELL\u00c0 EL DIACA EDDY MART\u00cdN GONZ\u00c1LEZ\",\"datePublished\":\"2026-04-06T04:45:00+00:00\",\"dateModified\":\"2026-04-15T13:21:38+00:00\",\"mainEntityOfPage\":{\"@id\":\"https:\/\/www.obispadodeibiza.es\/ca\/l11-dabril-sera-ordenat-capella-el-diaca-eddy-martin-gonzalez\/\"},\"wordCount\":258,\"publisher\":{\"@id\":\"https:\/\/www.obispadodeibiza.es\/ca\/#organization\"},\"image\":{\"@id\":\"https:\/\/www.obispadodeibiza.es\/ca\/l11-dabril-sera-ordenat-capella-el-diaca-eddy-martin-gonzalez\/#primaryimage\"},\"thumbnailUrl\":\"https:\/\/www.obispadodeibiza.es\/wp-content\/uploads\/2026\/04\/Ordenacion_Eddy_Martin_Obispado_Ibiza14.jpg\",\"articleSection\":[\"Noticias\",\"Noticias\",\"Not\u00edcies\"],\"inLanguage\":\"ca\"},{\"@type\":\"WebPage\",\"@id\":\"https:\/\/www.obispadodeibiza.es\/ca\/l11-dabril-sera-ordenat-capella-el-diaca-eddy-martin-gonzalez\/\",\"url\":\"https:\/\/www.obispadodeibiza.es\/ca\/l11-dabril-sera-ordenat-capella-el-diaca-eddy-martin-gonzalez\/\",\"name\":\"EL BISBE D'EIVISSA ORDENA COM A CAPELL\u00c0 EL DIACA EDDY MART\u00cdN GONZ\u00c1LEZ - Obispado de Ibiza\",\"isPartOf\":{\"@id\":\"https:\/\/www.obispadodeibiza.es\/ca\/#website\"},\"primaryImageOfPage\":{\"@id\":\"https:\/\/www.obispadodeibiza.es\/ca\/l11-dabril-sera-ordenat-capella-el-diaca-eddy-martin-gonzalez\/#primaryimage\"},\"image\":{\"@id\":\"https:\/\/www.obispadodeibiza.es\/ca\/l11-dabril-sera-ordenat-capella-el-diaca-eddy-martin-gonzalez\/#primaryimage\"},\"thumbnailUrl\":\"https:\/\/www.obispadodeibiza.es\/wp-content\/uploads\/2026\/04\/Ordenacion_Eddy_Martin_Obispado_Ibiza14.jpg\",\"datePublished\":\"2026-04-06T04:45:00+00:00\",\"dateModified\":\"2026-04-15T13:21:38+00:00\",\"breadcrumb\":{\"@id\":\"https:\/\/www.obispadodeibiza.es\/ca\/l11-dabril-sera-ordenat-capella-el-diaca-eddy-martin-gonzalez\/#breadcrumb\"},\"inLanguage\":\"ca\",\"potentialAction\":[{\"@type\":\"ReadAction\",\"target\":[\"https:\/\/www.obispadodeibiza.es\/ca\/l11-dabril-sera-ordenat-capella-el-diaca-eddy-martin-gonzalez\/\"]}]},{\"@type\":\"ImageObject\",\"inLanguage\":\"ca\",\"@id\":\"https:\/\/www.obispadodeibiza.es\/ca\/l11-dabril-sera-ordenat-capella-el-diaca-eddy-martin-gonzalez\/#primaryimage\",\"url\":\"https:\/\/www.obispadodeibiza.es\/wp-content\/uploads\/2026\/04\/Ordenacion_Eddy_Martin_Obispado_Ibiza14.jpg\",\"contentUrl\":\"https:\/\/www.obispadodeibiza.es\/wp-content\/uploads\/2026\/04\/Ordenacion_Eddy_Martin_Obispado_Ibiza14.jpg\",\"width\":1600,\"height\":1200},{\"@type\":\"BreadcrumbList\",\"@id\":\"https:\/\/www.obispadodeibiza.es\/ca\/l11-dabril-sera-ordenat-capella-el-diaca-eddy-martin-gonzalez\/#breadcrumb\",\"itemListElement\":[{\"@type\":\"ListItem\",\"position\":1,\"name\":\"Home\",\"item\":\"https:\/\/www.obispadodeibiza.es\/ca\/?page_id=23429\"},{\"@type\":\"ListItem\",\"position\":2,\"name\":\"EL BISBE D&#8217;EIVISSA ORDENA COM A CAPELL\u00c0 EL DIACA EDDY MART\u00cdN GONZ\u00c1LEZ\"}]},{\"@type\":\"WebSite\",\"@id\":\"https:\/\/www.obispadodeibiza.es\/ca\/#website\",\"url\":\"https:\/\/www.obispadodeibiza.es\/ca\/\",\"name\":\"Obispado de Ibiza\",\"description\":\"Web Oficial de la Di\u00f3cesis de Ibiza\",\"publisher\":{\"@id\":\"https:\/\/www.obispadodeibiza.es\/ca\/#organization\"},\"potentialAction\":[{\"@type\":\"SearchAction\",\"target\":{\"@type\":\"EntryPoint\",\"urlTemplate\":\"https:\/\/www.obispadodeibiza.es\/ca\/?s={search_term_string}\"},\"query-input\":{\"@type\":\"PropertyValueSpecification\",\"valueRequired\":true,\"valueName\":\"search_term_string\"}}],\"inLanguage\":\"ca\"},{\"@type\":\"Organization\",\"@id\":\"https:\/\/www.obispadodeibiza.es\/ca\/#organization\",\"name\":\"Obispado de Ibiza\",\"url\":\"https:\/\/www.obispadodeibiza.es\/ca\/\",\"logo\":{\"@type\":\"ImageObject\",\"inLanguage\":\"ca\",\"@id\":\"https:\/\/www.obispadodeibiza.es\/ca\/#\/schema\/logo\/image\/\",\"url\":\"https:\/\/www.obispadodeibiza.es\/wp-content\/uploads\/2021\/03\/logo-bisbat-eivissa-color.png\",\"contentUrl\":\"https:\/\/www.obispadodeibiza.es\/wp-content\/uploads\/2021\/03\/logo-bisbat-eivissa-color.png\",\"width\":1739,\"height\":1544,\"caption\":\"Obispado de Ibiza\"},\"image\":{\"@id\":\"https:\/\/www.obispadodeibiza.es\/ca\/#\/schema\/logo\/image\/\"}},{\"@type\":\"Person\",\"@id\":\"https:\/\/www.obispadodeibiza.es\/ca\/#\/schema\/person\/e12423e229abea83411444918084d011\",\"name\":\"comunicacion\",\"sameAs\":[\"sbq-ibiza\"],\"url\":\"https:\/\/www.obispadodeibiza.es\/ca\/author\/comunicacion\/\"}]}<\/script>\n<!-- \/ Yoast SEO plugin. -->","yoast_head_json":{"title":"EL BISBE D'EIVISSA ORDENA COM A CAPELL\u00c0 EL DIACA EDDY MART\u00cdN GONZ\u00c1LEZ - Obispado de Ibiza","robots":{"index":"index","follow":"follow","max-snippet":"max-snippet:-1","max-image-preview":"max-image-preview:large","max-video-preview":"max-video-preview:-1"},"canonical":"https:\/\/www.obispadodeibiza.es\/ca\/l11-dabril-sera-ordenat-capella-el-diaca-eddy-martin-gonzalez\/","og_locale":"ca_ES","og_type":"article","og_title":"EL BISBE D'EIVISSA ORDENA COM A CAPELL\u00c0 EL DIACA EDDY MART\u00cdN GONZ\u00c1LEZ - Obispado de Ibiza","og_description":"La S. E. Catedral ha acollit aquest dissabte la solemne cerim\u00f2nia d&#8217;ordenaci\u00f3 presbiteral del diaca Eddy Mart\u00edn Gonz\u00e1lez per part del bisbe d&#8217;Eivissa, Mons. Vicent Ribas. El seminarista d&#8217;Eivissa Eddy...","og_url":"https:\/\/www.obispadodeibiza.es\/ca\/l11-dabril-sera-ordenat-capella-el-diaca-eddy-martin-gonzalez\/","og_site_name":"Obispado de Ibiza","article_published_time":"2026-04-06T04:45:00+00:00","article_modified_time":"2026-04-15T13:21:38+00:00","og_image":[{"width":1600,"height":1200,"url":"https:\/\/www.obispadodeibiza.es\/wp-content\/uploads\/2026\/04\/Ordenacion_Eddy_Martin_Obispado_Ibiza14.jpg","type":"image\/jpeg"}],"author":"comunicacion","twitter_card":"summary_large_image","twitter_misc":{"Escrit per":"comunicacion","Temps estimat de lectura":"2 minuts"},"schema":{"@context":"https:\/\/schema.org","@graph":[{"@type":"Article","@id":"https:\/\/www.obispadodeibiza.es\/ca\/l11-dabril-sera-ordenat-capella-el-diaca-eddy-martin-gonzalez\/#article","isPartOf":{"@id":"https:\/\/www.obispadodeibiza.es\/ca\/l11-dabril-sera-ordenat-capella-el-diaca-eddy-martin-gonzalez\/"},"author":{"name":"comunicacion","@id":"https:\/\/www.obispadodeibiza.es\/ca\/#\/schema\/person\/e12423e229abea83411444918084d011"},"headline":"EL BISBE D&#8217;EIVISSA ORDENA COM A CAPELL\u00c0 EL DIACA EDDY MART\u00cdN GONZ\u00c1LEZ","datePublished":"2026-04-06T04:45:00+00:00","dateModified":"2026-04-15T13:21:38+00:00","mainEntityOfPage":{"@id":"https:\/\/www.obispadodeibiza.es\/ca\/l11-dabril-sera-ordenat-capella-el-diaca-eddy-martin-gonzalez\/"},"wordCount":258,"publisher":{"@id":"https:\/\/www.obispadodeibiza.es\/ca\/#organization"},"image":{"@id":"https:\/\/www.obispadodeibiza.es\/ca\/l11-dabril-sera-ordenat-capella-el-diaca-eddy-martin-gonzalez\/#primaryimage"},"thumbnailUrl":"https:\/\/www.obispadodeibiza.es\/wp-content\/uploads\/2026\/04\/Ordenacion_Eddy_Martin_Obispado_Ibiza14.jpg","articleSection":["Noticias","Noticias","Not\u00edcies"],"inLanguage":"ca"},{"@type":"WebPage","@id":"https:\/\/www.obispadodeibiza.es\/ca\/l11-dabril-sera-ordenat-capella-el-diaca-eddy-martin-gonzalez\/","url":"https:\/\/www.obispadodeibiza.es\/ca\/l11-dabril-sera-ordenat-capella-el-diaca-eddy-martin-gonzalez\/","name":"EL BISBE D'EIVISSA ORDENA COM A CAPELL\u00c0 EL DIACA EDDY MART\u00cdN GONZ\u00c1LEZ - Obispado de Ibiza","isPartOf":{"@id":"https:\/\/www.obispadodeibiza.es\/ca\/#website"},"primaryImageOfPage":{"@id":"https:\/\/www.obispadodeibiza.es\/ca\/l11-dabril-sera-ordenat-capella-el-diaca-eddy-martin-gonzalez\/#primaryimage"},"image":{"@id":"https:\/\/www.obispadodeibiza.es\/ca\/l11-dabril-sera-ordenat-capella-el-diaca-eddy-martin-gonzalez\/#primaryimage"},"thumbnailUrl":"https:\/\/www.obispadodeibiza.es\/wp-content\/uploads\/2026\/04\/Ordenacion_Eddy_Martin_Obispado_Ibiza14.jpg","datePublished":"2026-04-06T04:45:00+00:00","dateModified":"2026-04-15T13:21:38+00:00","breadcrumb":{"@id":"https:\/\/www.obispadodeibiza.es\/ca\/l11-dabril-sera-ordenat-capella-el-diaca-eddy-martin-gonzalez\/#breadcrumb"},"inLanguage":"ca","potentialAction":[{"@type":"ReadAction","target":["https:\/\/www.obispadodeibiza.es\/ca\/l11-dabril-sera-ordenat-capella-el-diaca-eddy-martin-gonzalez\/"]}]},{"@type":"ImageObject","inLanguage":"ca","@id":"https:\/\/www.obispadodeibiza.es\/ca\/l11-dabril-sera-ordenat-capella-el-diaca-eddy-martin-gonzalez\/#primaryimage","url":"https:\/\/www.obispadodeibiza.es\/wp-content\/uploads\/2026\/04\/Ordenacion_Eddy_Martin_Obispado_Ibiza14.jpg","contentUrl":"https:\/\/www.obispadodeibiza.es\/wp-content\/uploads\/2026\/04\/Ordenacion_Eddy_Martin_Obispado_Ibiza14.jpg","width":1600,"height":1200},{"@type":"BreadcrumbList","@id":"https:\/\/www.obispadodeibiza.es\/ca\/l11-dabril-sera-ordenat-capella-el-diaca-eddy-martin-gonzalez\/#breadcrumb","itemListElement":[{"@type":"ListItem","position":1,"name":"Home","item":"https:\/\/www.obispadodeibiza.es\/ca\/?page_id=23429"},{"@type":"ListItem","position":2,"name":"EL BISBE D&#8217;EIVISSA ORDENA COM A CAPELL\u00c0 EL DIACA EDDY MART\u00cdN GONZ\u00c1LEZ"}]},{"@type":"WebSite","@id":"https:\/\/www.obispadodeibiza.es\/ca\/#website","url":"https:\/\/www.obispadodeibiza.es\/ca\/","name":"Obispado de Ibiza","description":"Web Oficial de la Di\u00f3cesis de Ibiza","publisher":{"@id":"https:\/\/www.obispadodeibiza.es\/ca\/#organization"},"potentialAction":[{"@type":"SearchAction","target":{"@type":"EntryPoint","urlTemplate":"https:\/\/www.obispadodeibiza.es\/ca\/?s={search_term_string}"},"query-input":{"@type":"PropertyValueSpecification","valueRequired":true,"valueName":"search_term_string"}}],"inLanguage":"ca"},{"@type":"Organization","@id":"https:\/\/www.obispadodeibiza.es\/ca\/#organization","name":"Obispado de Ibiza","url":"https:\/\/www.obispadodeibiza.es\/ca\/","logo":{"@type":"ImageObject","inLanguage":"ca","@id":"https:\/\/www.obispadodeibiza.es\/ca\/#\/schema\/logo\/image\/","url":"https:\/\/www.obispadodeibiza.es\/wp-content\/uploads\/2021\/03\/logo-bisbat-eivissa-color.png","contentUrl":"https:\/\/www.obispadodeibiza.es\/wp-content\/uploads\/2021\/03\/logo-bisbat-eivissa-color.png","width":1739,"height":1544,"caption":"Obispado de Ibiza"},"image":{"@id":"https:\/\/www.obispadodeibiza.es\/ca\/#\/schema\/logo\/image\/"}},{"@type":"Person","@id":"https:\/\/www.obispadodeibiza.es\/ca\/#\/schema\/person\/e12423e229abea83411444918084d011","name":"comunicacion","sameAs":["sbq-ibiza"],"url":"https:\/\/www.obispadodeibiza.es\/ca\/author\/comunicacion\/"}]}},"_links":{"self":[{"href":"https:\/\/www.obispadodeibiza.es\/ca\/wp-json\/wp\/v2\/posts\/23527","targetHints":{"allow":["GET"]}}],"collection":[{"href":"https:\/\/www.obispadodeibiza.es\/ca\/wp-json\/wp\/v2\/posts"}],"about":[{"href":"https:\/\/www.obispadodeibiza.es\/ca\/wp-json\/wp\/v2\/types\/post"}],"author":[{"embeddable":true,"href":"https:\/\/www.obispadodeibiza.es\/ca\/wp-json\/wp\/v2\/users\/4"}],"replies":[{"embeddable":true,"href":"https:\/\/www.obispadodeibiza.es\/ca\/wp-json\/wp\/v2\/comments?post=23527"}],"version-history":[{"count":6,"href":"https:\/\/www.obispadodeibiza.es\/ca\/wp-json\/wp\/v2\/posts\/23527\/revisions"}],"predecessor-version":[{"id":23640,"href":"https:\/\/www.obispadodeibiza.es\/ca\/wp-json\/wp\/v2\/posts\/23527\/revisions\/23640"}],"wp:featuredmedia":[{"embeddable":true,"href":"https:\/\/www.obispadodeibiza.es\/ca\/wp-json\/wp\/v2\/media\/23593"}],"wp:attachment":[{"href":"https:\/\/www.obispadodeibiza.es\/ca\/wp-json\/wp\/v2\/media?parent=23527"}],"wp:term":[{"taxonomy":"category","embeddable":true,"href":"https:\/\/www.obispadodeibiza.es\/ca\/wp-json\/wp\/v2\/categories?post=23527"},{"taxonomy":"post_tag","embeddable":true,"href":"https:\/\/www.obispadodeibiza.es\/ca\/wp-json\/wp\/v2\/tags?post=23527"}],"curies":[{"name":"wp","href":"https:\/\/api.w.org\/{rel}","templated":true}]}}