{"id":23827,"date":"2026-04-26T23:00:00","date_gmt":"2026-04-26T21:00:00","guid":{"rendered":"https:\/\/www.obispadodeibiza.es\/?p=23827"},"modified":"2026-04-20T20:06:25","modified_gmt":"2026-04-20T18:06:25","slug":"dia-de-la-seguretat-i-salut-en-el-treball-posar-la-vida-en-el-centre-i-aconseguir-un-pais-que-cuidi","status":"publish","type":"post","link":"https:\/\/www.obispadodeibiza.es\/ca\/dia-de-la-seguretat-i-salut-en-el-treball-posar-la-vida-en-el-centre-i-aconseguir-un-pais-que-cuidi\/","title":{"rendered":"DIA DE LA SEGURETAT I SALUT EN EL TREBALL: POSAR LA VIDA EN EL CENTRE I ACONSEGUIR UN PA\u00cdS QUE CUIDI"},"content":{"rendered":"<style type=\"text\/css\"><\/style>\n<p>Vivim un temps de desgast profund. El cansament s&#8217;ha tornat el paisatge quotidi\u00e0 dels nostres barris o als transports p\u00fablics; un esgotament que no \u00e9s fruit de l&#8217;esfor\u00e7 sa, sin\u00f3 d&#8217;una economia que exigeix massa i retorna massa poc. Amb motiu del Dia Mundial de la Seguretat i Salut en el Treball, que se celebra el 28 d&#8217;abril, els departaments de la Pastoral del Treball i la Pastoral de Salut de la Confer\u00e8ncia Episcopal Espanyola (CEE) han al\u00e7at la seua veu per a denunciar que s&#8217;est\u00e0\u201d normalitzat la precarietat i que \u00e9s urgent transitar cap a una <strong>\u00e8tica de la cura que posi la vida en el centre<\/strong>\u201d. El responsable de la Pastoral de Salut de la CEE \u00e9s el bisbe d&#8217;Eivissa, <strong>Mons. Vicent Ribas<\/strong>.<\/p>\n\n\n\n<p>La precarietat ja no \u00e9s una excepci\u00f3, sin\u00f3 un sistema que corroeix la vida comuna. Segons el recent <strong>Informe&nbsp;PRESME&nbsp;(precaris, inestables i estressats: precarietat laboral i salut mental , del Ministeri de Treball i Economia Social), el 47,5% dels treballadors del nostre pa\u00eds viu sota alguna mena de precarietat<\/strong>. Aquesta inseguretat estructural impedeix planificar el futur, trenca els vincles familiars i debilita el teixit social. La nota elaborada per les pastorals de Treball i Salut de la CEE subratlla que \u201ccom a societat, no podem permetre que el treball, que hauria de ser font de dignitat, es converteixi en una eina d&#8217;erosi\u00f3 humana\u201d.<\/p>\n\n\n\n<p>\u201c\u00c9s un esc\u00e0ndol \u00e8tic -afegeix la notga- que <strong>el 90% de les dones joves migrants que realitzen treballs manuals sofreixi precarietat severa<\/strong>. Elles sostenen les nostres llars, cuiden als nostres majors i netegen les nostres ciutats, sovint sense drets b\u00e0sics ni protecci\u00f3. Una societat que descansa sobre el sacrifici invisible de les m\u00e9s vulnerables ha perdut la seva br\u00faixola moral. La veritable just\u00edcia exigeix que els qui m\u00e9s cuiden siguin, precisament, les m\u00e9s protegides\u201d.<\/p>\n\n\n\n<p><br>En la mateixa reflexi\u00f3 amb motiu del Dia Mundial de la Seguretat i la Salut en el Treball, la CEE alerta que \u201cla precarietat fa emmalaltir i, en massa ocasions, mata\u201d. I aporta algunes dades eloq\u00fcents:<\/p>\n\n\n\n<p>\u2022 <strong>Salut Mental<\/strong>: El risc de sofrir problemes psicol\u00f2gics <strong>es multiplica per 2,5 sota condicions prec\u00e0ries<\/strong>. En l&#8217;\u00faltim any, les baixes per causes psicol\u00f2giques han fregat les 600.000. L&#8217;estr\u00e8s cr\u00f2nic i l&#8217;ansietat no s\u00f3n febleses personals, s\u00f3n conseq\u00fc\u00e8ncies de ritmes inhumans.<\/p>\n\n\n\n<p>\u2022 <strong>Sinistralitat Laboral<\/strong>: En 2025, <strong>735 persones van perdre la vida en accidents de treball<\/strong>. En els \u00faltims 30 anys (1996-2025) han estat 30.129 les morts registrades en el treball. No s\u00f3n xifres, s\u00f3n fam\u00edlies truncades per una cultura que anteposa la rendibilitat a la prevenci\u00f3.<\/p>\n\n\n\n<p>\u2022 <strong>Pobresa Laboral<\/strong>: <strong>L&#8217;Informe&nbsp;FOESSA&nbsp;2025<\/strong> ens alerta d&#8217;una realitat dolorosa: tres de cada quatre llars en exclusi\u00f3 severa compten amb persones treballadores. Treballar ja no garanteix sortir de la pobresa.<\/p>\n\n\n\n<p>Davant aquesta situaci\u00f3, els departaments de Pastoral del Treball i Pastoral de la Salut de la CEE exigeixen \u201cpol\u00edtiques valentes, estabilitat real, salaris suficients, una inspecci\u00f3 de treball robusta i la integraci\u00f3 de la salut mental en la cura de la vida de les persones treballadores\u201d, ja que <strong>governar \u00e9s, en la seva ess\u00e8ncia, cuidar<\/strong>. En aquest sentit, la seva nota recalca que \u201ctenir cura no \u00e9s una opci\u00f3 secund\u00e0ria, sin\u00f3 que \u00e9s la base d&#8217;una comunitat sana i la major forma de justicia\u201d. Tamb\u00e9 recorden que \u201c<strong>la dignitat del treballador ha d&#8217;estar per sobre de la l\u00f2gica del benefici<\/strong>\u201d i que \u201cles empreses que cuiden no sols s\u00f3n m\u00e9s \u00e8tiques, sin\u00f3 m\u00e9s sostenibles i humanes\u201d.<\/p>\n\n\n\n<p><strong>La cura comen\u00e7a avui<\/strong><\/p>\n\n\n\n<p>\u201cInspirats en l&#8217;Evangeli i en una \u00e8tica humana universal, diem: Ja n&#8217;hi ha prou d&#8217;una economia que mata!, de ritmes que emmalalteixen i de morts que podrien evitar-se. \u00c9s temps d&#8217;un pa\u00eds que cuidi, on el treball sostingui la vida en lloc de desgastar-la\u201d, diu la nota. Per aix\u00f2 les dos pastorals de la CEE fan una crida a les institucions, sindicats, organitzacions empresarials i ciutadans per a \u201cdespertar en aquesta urg\u00e8ncia\u201d, perqu\u00e8 \u201cla dignitat humana no \u00e9s negociable: <strong>\u00c9s temps de just\u00edcia, \u00e9s temps d&#8217;un pa\u00eds que cuidi!<\/strong>\u201d<\/p>\n","protected":false},"excerpt":{"rendered":"<p>Vivim un temps de desgast profund. El cansament s&#8217;ha tornat el paisatge quotidi\u00e0 dels nostres barris o als transports p\u00fablics; un esgotament que no \u00e9s fruit de l&#8217;esfor\u00e7 sa, sin\u00f3&#8230;<\/p>\n","protected":false},"author":4,"featured_media":23823,"comment_status":"closed","ping_status":"open","sticky":false,"template":"","format":"standard","meta":{"_monsterinsights_skip_tracking":false,"_monsterinsights_sitenote_active":false,"_monsterinsights_sitenote_note":"","_monsterinsights_sitenote_category":0,"footnotes":""},"categories":[7,135],"tags":[],"class_list":["post-23827","post","type-post","status-publish","format-standard","has-post-thumbnail","hentry","category-noticias","category-noticies"],"yoast_head":"<!-- This site is optimized with the Yoast SEO plugin v27.2 - https:\/\/yoast.com\/product\/yoast-seo-wordpress\/ -->\n<title>DIA DE LA SEGURETAT I SALUT EN EL TREBALL: POSAR LA VIDA EN EL CENTRE I ACONSEGUIR UN PA\u00cdS QUE CUIDI - Obispado de Ibiza<\/title>\n<meta name=\"robots\" content=\"index, follow, max-snippet:-1, max-image-preview:large, max-video-preview:-1\" \/>\n<link rel=\"canonical\" href=\"https:\/\/www.obispadodeibiza.es\/ca\/dia-de-la-seguretat-i-salut-en-el-treball-posar-la-vida-en-el-centre-i-aconseguir-un-pais-que-cuidi\/\" \/>\n<meta property=\"og:locale\" content=\"ca_ES\" \/>\n<meta property=\"og:type\" content=\"article\" \/>\n<meta property=\"og:title\" content=\"DIA DE LA SEGURETAT I SALUT EN EL TREBALL: POSAR LA VIDA EN EL CENTRE I ACONSEGUIR UN PA\u00cdS QUE CUIDI - Obispado de Ibiza\" \/>\n<meta property=\"og:description\" content=\"Vivim un temps de desgast profund. El cansament s&#8217;ha tornat el paisatge quotidi\u00e0 dels nostres barris o als transports p\u00fablics; un esgotament que no \u00e9s fruit de l&#8217;esfor\u00e7 sa, sin\u00f3...\" \/>\n<meta property=\"og:url\" content=\"https:\/\/www.obispadodeibiza.es\/ca\/dia-de-la-seguretat-i-salut-en-el-treball-posar-la-vida-en-el-centre-i-aconseguir-un-pais-que-cuidi\/\" \/>\n<meta property=\"og:site_name\" content=\"Obispado de Ibiza\" \/>\n<meta property=\"article:published_time\" content=\"2026-04-26T21:00:00+00:00\" \/>\n<meta property=\"og:image\" content=\"https:\/\/www.obispadodeibiza.es\/wp-content\/uploads\/2026\/04\/Pastorales_Trabajo_Salud.jpg\" \/>\n\t<meta property=\"og:image:width\" content=\"702\" \/>\n\t<meta property=\"og:image:height\" content=\"526\" \/>\n\t<meta property=\"og:image:type\" content=\"image\/jpeg\" \/>\n<meta name=\"author\" content=\"comunicacion\" \/>\n<meta name=\"twitter:card\" content=\"summary_large_image\" \/>\n<meta name=\"twitter:label1\" content=\"Escrit per\" \/>\n\t<meta name=\"twitter:data1\" content=\"comunicacion\" \/>\n\t<meta name=\"twitter:label2\" content=\"Temps estimat de lectura\" \/>\n\t<meta name=\"twitter:data2\" content=\"4 minuts\" \/>\n<script type=\"application\/ld+json\" class=\"yoast-schema-graph\">{\"@context\":\"https:\/\/schema.org\",\"@graph\":[{\"@type\":\"Article\",\"@id\":\"https:\/\/www.obispadodeibiza.es\/ca\/dia-de-la-seguretat-i-salut-en-el-treball-posar-la-vida-en-el-centre-i-aconseguir-un-pais-que-cuidi\/#article\",\"isPartOf\":{\"@id\":\"https:\/\/www.obispadodeibiza.es\/ca\/dia-de-la-seguretat-i-salut-en-el-treball-posar-la-vida-en-el-centre-i-aconseguir-un-pais-que-cuidi\/\"},\"author\":{\"name\":\"comunicacion\",\"@id\":\"https:\/\/www.obispadodeibiza.es\/ca\/#\/schema\/person\/e12423e229abea83411444918084d011\"},\"headline\":\"DIA DE LA SEGURETAT I SALUT EN EL TREBALL: POSAR LA VIDA EN EL CENTRE I ACONSEGUIR UN PA\u00cdS QUE CUIDI\",\"datePublished\":\"2026-04-26T21:00:00+00:00\",\"mainEntityOfPage\":{\"@id\":\"https:\/\/www.obispadodeibiza.es\/ca\/dia-de-la-seguretat-i-salut-en-el-treball-posar-la-vida-en-el-centre-i-aconseguir-un-pais-que-cuidi\/\"},\"wordCount\":732,\"publisher\":{\"@id\":\"https:\/\/www.obispadodeibiza.es\/ca\/#organization\"},\"image\":{\"@id\":\"https:\/\/www.obispadodeibiza.es\/ca\/dia-de-la-seguretat-i-salut-en-el-treball-posar-la-vida-en-el-centre-i-aconseguir-un-pais-que-cuidi\/#primaryimage\"},\"thumbnailUrl\":\"https:\/\/www.obispadodeibiza.es\/wp-content\/uploads\/2026\/04\/Pastorales_Trabajo_Salud.jpg\",\"articleSection\":[\"Noticias\",\"Not\u00edcies\"],\"inLanguage\":\"ca\"},{\"@type\":\"WebPage\",\"@id\":\"https:\/\/www.obispadodeibiza.es\/ca\/dia-de-la-seguretat-i-salut-en-el-treball-posar-la-vida-en-el-centre-i-aconseguir-un-pais-que-cuidi\/\",\"url\":\"https:\/\/www.obispadodeibiza.es\/ca\/dia-de-la-seguretat-i-salut-en-el-treball-posar-la-vida-en-el-centre-i-aconseguir-un-pais-que-cuidi\/\",\"name\":\"DIA DE LA SEGURETAT I SALUT EN EL TREBALL: POSAR LA VIDA EN EL CENTRE I ACONSEGUIR UN PA\u00cdS QUE CUIDI - Obispado de Ibiza\",\"isPartOf\":{\"@id\":\"https:\/\/www.obispadodeibiza.es\/ca\/#website\"},\"primaryImageOfPage\":{\"@id\":\"https:\/\/www.obispadodeibiza.es\/ca\/dia-de-la-seguretat-i-salut-en-el-treball-posar-la-vida-en-el-centre-i-aconseguir-un-pais-que-cuidi\/#primaryimage\"},\"image\":{\"@id\":\"https:\/\/www.obispadodeibiza.es\/ca\/dia-de-la-seguretat-i-salut-en-el-treball-posar-la-vida-en-el-centre-i-aconseguir-un-pais-que-cuidi\/#primaryimage\"},\"thumbnailUrl\":\"https:\/\/www.obispadodeibiza.es\/wp-content\/uploads\/2026\/04\/Pastorales_Trabajo_Salud.jpg\",\"datePublished\":\"2026-04-26T21:00:00+00:00\",\"breadcrumb\":{\"@id\":\"https:\/\/www.obispadodeibiza.es\/ca\/dia-de-la-seguretat-i-salut-en-el-treball-posar-la-vida-en-el-centre-i-aconseguir-un-pais-que-cuidi\/#breadcrumb\"},\"inLanguage\":\"ca\",\"potentialAction\":[{\"@type\":\"ReadAction\",\"target\":[\"https:\/\/www.obispadodeibiza.es\/ca\/dia-de-la-seguretat-i-salut-en-el-treball-posar-la-vida-en-el-centre-i-aconseguir-un-pais-que-cuidi\/\"]}]},{\"@type\":\"ImageObject\",\"inLanguage\":\"ca\",\"@id\":\"https:\/\/www.obispadodeibiza.es\/ca\/dia-de-la-seguretat-i-salut-en-el-treball-posar-la-vida-en-el-centre-i-aconseguir-un-pais-que-cuidi\/#primaryimage\",\"url\":\"https:\/\/www.obispadodeibiza.es\/wp-content\/uploads\/2026\/04\/Pastorales_Trabajo_Salud.jpg\",\"contentUrl\":\"https:\/\/www.obispadodeibiza.es\/wp-content\/uploads\/2026\/04\/Pastorales_Trabajo_Salud.jpg\",\"width\":702,\"height\":526},{\"@type\":\"BreadcrumbList\",\"@id\":\"https:\/\/www.obispadodeibiza.es\/ca\/dia-de-la-seguretat-i-salut-en-el-treball-posar-la-vida-en-el-centre-i-aconseguir-un-pais-que-cuidi\/#breadcrumb\",\"itemListElement\":[{\"@type\":\"ListItem\",\"position\":1,\"name\":\"Home\",\"item\":\"https:\/\/www.obispadodeibiza.es\/ca\/?page_id=23429\"},{\"@type\":\"ListItem\",\"position\":2,\"name\":\"DIA DE LA SEGURETAT I SALUT EN EL TREBALL: POSAR LA VIDA EN EL CENTRE I ACONSEGUIR UN PA\u00cdS QUE CUIDI\"}]},{\"@type\":\"WebSite\",\"@id\":\"https:\/\/www.obispadodeibiza.es\/ca\/#website\",\"url\":\"https:\/\/www.obispadodeibiza.es\/ca\/\",\"name\":\"Obispado de Ibiza\",\"description\":\"Web Oficial de la Di\u00f3cesis de Ibiza\",\"publisher\":{\"@id\":\"https:\/\/www.obispadodeibiza.es\/ca\/#organization\"},\"potentialAction\":[{\"@type\":\"SearchAction\",\"target\":{\"@type\":\"EntryPoint\",\"urlTemplate\":\"https:\/\/www.obispadodeibiza.es\/ca\/?s={search_term_string}\"},\"query-input\":{\"@type\":\"PropertyValueSpecification\",\"valueRequired\":true,\"valueName\":\"search_term_string\"}}],\"inLanguage\":\"ca\"},{\"@type\":\"Organization\",\"@id\":\"https:\/\/www.obispadodeibiza.es\/ca\/#organization\",\"name\":\"Obispado de Ibiza\",\"url\":\"https:\/\/www.obispadodeibiza.es\/ca\/\",\"logo\":{\"@type\":\"ImageObject\",\"inLanguage\":\"ca\",\"@id\":\"https:\/\/www.obispadodeibiza.es\/ca\/#\/schema\/logo\/image\/\",\"url\":\"https:\/\/www.obispadodeibiza.es\/wp-content\/uploads\/2021\/03\/logo-bisbat-eivissa-color.png\",\"contentUrl\":\"https:\/\/www.obispadodeibiza.es\/wp-content\/uploads\/2021\/03\/logo-bisbat-eivissa-color.png\",\"width\":1739,\"height\":1544,\"caption\":\"Obispado de Ibiza\"},\"image\":{\"@id\":\"https:\/\/www.obispadodeibiza.es\/ca\/#\/schema\/logo\/image\/\"}},{\"@type\":\"Person\",\"@id\":\"https:\/\/www.obispadodeibiza.es\/ca\/#\/schema\/person\/e12423e229abea83411444918084d011\",\"name\":\"comunicacion\",\"sameAs\":[\"sbq-ibiza\"],\"url\":\"https:\/\/www.obispadodeibiza.es\/ca\/author\/comunicacion\/\"}]}<\/script>\n<!-- \/ Yoast SEO plugin. -->","yoast_head_json":{"title":"DIA DE LA SEGURETAT I SALUT EN EL TREBALL: POSAR LA VIDA EN EL CENTRE I ACONSEGUIR UN PA\u00cdS QUE CUIDI - Obispado de Ibiza","robots":{"index":"index","follow":"follow","max-snippet":"max-snippet:-1","max-image-preview":"max-image-preview:large","max-video-preview":"max-video-preview:-1"},"canonical":"https:\/\/www.obispadodeibiza.es\/ca\/dia-de-la-seguretat-i-salut-en-el-treball-posar-la-vida-en-el-centre-i-aconseguir-un-pais-que-cuidi\/","og_locale":"ca_ES","og_type":"article","og_title":"DIA DE LA SEGURETAT I SALUT EN EL TREBALL: POSAR LA VIDA EN EL CENTRE I ACONSEGUIR UN PA\u00cdS QUE CUIDI - Obispado de Ibiza","og_description":"Vivim un temps de desgast profund. El cansament s&#8217;ha tornat el paisatge quotidi\u00e0 dels nostres barris o als transports p\u00fablics; un esgotament que no \u00e9s fruit de l&#8217;esfor\u00e7 sa, sin\u00f3...","og_url":"https:\/\/www.obispadodeibiza.es\/ca\/dia-de-la-seguretat-i-salut-en-el-treball-posar-la-vida-en-el-centre-i-aconseguir-un-pais-que-cuidi\/","og_site_name":"Obispado de Ibiza","article_published_time":"2026-04-26T21:00:00+00:00","og_image":[{"width":702,"height":526,"url":"https:\/\/www.obispadodeibiza.es\/wp-content\/uploads\/2026\/04\/Pastorales_Trabajo_Salud.jpg","type":"image\/jpeg"}],"author":"comunicacion","twitter_card":"summary_large_image","twitter_misc":{"Escrit per":"comunicacion","Temps estimat de lectura":"4 minuts"},"schema":{"@context":"https:\/\/schema.org","@graph":[{"@type":"Article","@id":"https:\/\/www.obispadodeibiza.es\/ca\/dia-de-la-seguretat-i-salut-en-el-treball-posar-la-vida-en-el-centre-i-aconseguir-un-pais-que-cuidi\/#article","isPartOf":{"@id":"https:\/\/www.obispadodeibiza.es\/ca\/dia-de-la-seguretat-i-salut-en-el-treball-posar-la-vida-en-el-centre-i-aconseguir-un-pais-que-cuidi\/"},"author":{"name":"comunicacion","@id":"https:\/\/www.obispadodeibiza.es\/ca\/#\/schema\/person\/e12423e229abea83411444918084d011"},"headline":"DIA DE LA SEGURETAT I SALUT EN EL TREBALL: POSAR LA VIDA EN EL CENTRE I ACONSEGUIR UN PA\u00cdS QUE CUIDI","datePublished":"2026-04-26T21:00:00+00:00","mainEntityOfPage":{"@id":"https:\/\/www.obispadodeibiza.es\/ca\/dia-de-la-seguretat-i-salut-en-el-treball-posar-la-vida-en-el-centre-i-aconseguir-un-pais-que-cuidi\/"},"wordCount":732,"publisher":{"@id":"https:\/\/www.obispadodeibiza.es\/ca\/#organization"},"image":{"@id":"https:\/\/www.obispadodeibiza.es\/ca\/dia-de-la-seguretat-i-salut-en-el-treball-posar-la-vida-en-el-centre-i-aconseguir-un-pais-que-cuidi\/#primaryimage"},"thumbnailUrl":"https:\/\/www.obispadodeibiza.es\/wp-content\/uploads\/2026\/04\/Pastorales_Trabajo_Salud.jpg","articleSection":["Noticias","Not\u00edcies"],"inLanguage":"ca"},{"@type":"WebPage","@id":"https:\/\/www.obispadodeibiza.es\/ca\/dia-de-la-seguretat-i-salut-en-el-treball-posar-la-vida-en-el-centre-i-aconseguir-un-pais-que-cuidi\/","url":"https:\/\/www.obispadodeibiza.es\/ca\/dia-de-la-seguretat-i-salut-en-el-treball-posar-la-vida-en-el-centre-i-aconseguir-un-pais-que-cuidi\/","name":"DIA DE LA SEGURETAT I SALUT EN EL TREBALL: POSAR LA VIDA EN EL CENTRE I ACONSEGUIR UN PA\u00cdS QUE CUIDI - Obispado de Ibiza","isPartOf":{"@id":"https:\/\/www.obispadodeibiza.es\/ca\/#website"},"primaryImageOfPage":{"@id":"https:\/\/www.obispadodeibiza.es\/ca\/dia-de-la-seguretat-i-salut-en-el-treball-posar-la-vida-en-el-centre-i-aconseguir-un-pais-que-cuidi\/#primaryimage"},"image":{"@id":"https:\/\/www.obispadodeibiza.es\/ca\/dia-de-la-seguretat-i-salut-en-el-treball-posar-la-vida-en-el-centre-i-aconseguir-un-pais-que-cuidi\/#primaryimage"},"thumbnailUrl":"https:\/\/www.obispadodeibiza.es\/wp-content\/uploads\/2026\/04\/Pastorales_Trabajo_Salud.jpg","datePublished":"2026-04-26T21:00:00+00:00","breadcrumb":{"@id":"https:\/\/www.obispadodeibiza.es\/ca\/dia-de-la-seguretat-i-salut-en-el-treball-posar-la-vida-en-el-centre-i-aconseguir-un-pais-que-cuidi\/#breadcrumb"},"inLanguage":"ca","potentialAction":[{"@type":"ReadAction","target":["https:\/\/www.obispadodeibiza.es\/ca\/dia-de-la-seguretat-i-salut-en-el-treball-posar-la-vida-en-el-centre-i-aconseguir-un-pais-que-cuidi\/"]}]},{"@type":"ImageObject","inLanguage":"ca","@id":"https:\/\/www.obispadodeibiza.es\/ca\/dia-de-la-seguretat-i-salut-en-el-treball-posar-la-vida-en-el-centre-i-aconseguir-un-pais-que-cuidi\/#primaryimage","url":"https:\/\/www.obispadodeibiza.es\/wp-content\/uploads\/2026\/04\/Pastorales_Trabajo_Salud.jpg","contentUrl":"https:\/\/www.obispadodeibiza.es\/wp-content\/uploads\/2026\/04\/Pastorales_Trabajo_Salud.jpg","width":702,"height":526},{"@type":"BreadcrumbList","@id":"https:\/\/www.obispadodeibiza.es\/ca\/dia-de-la-seguretat-i-salut-en-el-treball-posar-la-vida-en-el-centre-i-aconseguir-un-pais-que-cuidi\/#breadcrumb","itemListElement":[{"@type":"ListItem","position":1,"name":"Home","item":"https:\/\/www.obispadodeibiza.es\/ca\/?page_id=23429"},{"@type":"ListItem","position":2,"name":"DIA DE LA SEGURETAT I SALUT EN EL TREBALL: POSAR LA VIDA EN EL CENTRE I ACONSEGUIR UN PA\u00cdS QUE CUIDI"}]},{"@type":"WebSite","@id":"https:\/\/www.obispadodeibiza.es\/ca\/#website","url":"https:\/\/www.obispadodeibiza.es\/ca\/","name":"Obispado de Ibiza","description":"Web Oficial de la Di\u00f3cesis de Ibiza","publisher":{"@id":"https:\/\/www.obispadodeibiza.es\/ca\/#organization"},"potentialAction":[{"@type":"SearchAction","target":{"@type":"EntryPoint","urlTemplate":"https:\/\/www.obispadodeibiza.es\/ca\/?s={search_term_string}"},"query-input":{"@type":"PropertyValueSpecification","valueRequired":true,"valueName":"search_term_string"}}],"inLanguage":"ca"},{"@type":"Organization","@id":"https:\/\/www.obispadodeibiza.es\/ca\/#organization","name":"Obispado de Ibiza","url":"https:\/\/www.obispadodeibiza.es\/ca\/","logo":{"@type":"ImageObject","inLanguage":"ca","@id":"https:\/\/www.obispadodeibiza.es\/ca\/#\/schema\/logo\/image\/","url":"https:\/\/www.obispadodeibiza.es\/wp-content\/uploads\/2021\/03\/logo-bisbat-eivissa-color.png","contentUrl":"https:\/\/www.obispadodeibiza.es\/wp-content\/uploads\/2021\/03\/logo-bisbat-eivissa-color.png","width":1739,"height":1544,"caption":"Obispado de Ibiza"},"image":{"@id":"https:\/\/www.obispadodeibiza.es\/ca\/#\/schema\/logo\/image\/"}},{"@type":"Person","@id":"https:\/\/www.obispadodeibiza.es\/ca\/#\/schema\/person\/e12423e229abea83411444918084d011","name":"comunicacion","sameAs":["sbq-ibiza"],"url":"https:\/\/www.obispadodeibiza.es\/ca\/author\/comunicacion\/"}]}},"_links":{"self":[{"href":"https:\/\/www.obispadodeibiza.es\/ca\/wp-json\/wp\/v2\/posts\/23827","targetHints":{"allow":["GET"]}}],"collection":[{"href":"https:\/\/www.obispadodeibiza.es\/ca\/wp-json\/wp\/v2\/posts"}],"about":[{"href":"https:\/\/www.obispadodeibiza.es\/ca\/wp-json\/wp\/v2\/types\/post"}],"author":[{"embeddable":true,"href":"https:\/\/www.obispadodeibiza.es\/ca\/wp-json\/wp\/v2\/users\/4"}],"replies":[{"embeddable":true,"href":"https:\/\/www.obispadodeibiza.es\/ca\/wp-json\/wp\/v2\/comments?post=23827"}],"version-history":[{"count":1,"href":"https:\/\/www.obispadodeibiza.es\/ca\/wp-json\/wp\/v2\/posts\/23827\/revisions"}],"predecessor-version":[{"id":23828,"href":"https:\/\/www.obispadodeibiza.es\/ca\/wp-json\/wp\/v2\/posts\/23827\/revisions\/23828"}],"wp:featuredmedia":[{"embeddable":true,"href":"https:\/\/www.obispadodeibiza.es\/ca\/wp-json\/wp\/v2\/media\/23823"}],"wp:attachment":[{"href":"https:\/\/www.obispadodeibiza.es\/ca\/wp-json\/wp\/v2\/media?parent=23827"}],"wp:term":[{"taxonomy":"category","embeddable":true,"href":"https:\/\/www.obispadodeibiza.es\/ca\/wp-json\/wp\/v2\/categories?post=23827"},{"taxonomy":"post_tag","embeddable":true,"href":"https:\/\/www.obispadodeibiza.es\/ca\/wp-json\/wp\/v2\/tags?post=23827"}],"curies":[{"name":"wp","href":"https:\/\/api.w.org\/{rel}","templated":true}]}}