{"id":23919,"date":"2026-04-26T12:10:00","date_gmt":"2026-04-26T10:10:00","guid":{"rendered":"https:\/\/www.obispadodeibiza.es\/?p=23919"},"modified":"2026-04-26T12:09:20","modified_gmt":"2026-04-26T10:09:20","slug":"eivissa-se-suma-el-4-de-maig-a-la-cadena-doracio-per-la-visita-del-papa-a-espanya","status":"publish","type":"post","link":"https:\/\/www.obispadodeibiza.es\/ca\/eivissa-se-suma-el-4-de-maig-a-la-cadena-doracio-per-la-visita-del-papa-a-espanya\/","title":{"rendered":"EIVISSA SE SUMA EL 4 DE MAIG A LA CADENA D&#8217;ORACI\u00d3 PER LA VISITA DEL PAPA A ESPANYA"},"content":{"rendered":"<style type=\"text\/css\"><\/style>\n<p>Eivissa se sumar\u00e0, el<strong> dilluns 4 de maig, a la cadena d&#8217;oraci\u00f3 per la visita del Papa Le\u00f3n XIV a Espanya<\/strong>, amb una <strong>vig\u00edlia <\/strong>organitzada per la Delegaci\u00f3 de Fam\u00edlia i Vida del bisbat d&#8217;Eivissa, igual que s&#8217;ha fet en la resta de les di\u00f2cesis espanyoles.<\/p>\n\n\n\n<p>Aquesta <strong>vig\u00edlia d&#8217;oraci\u00f3 se celebrar\u00e0 a l&#8217;esgl\u00e9sia de\u00a0Sant\u00a0Rafel, a les 19 hores<\/strong>, i a continuaci\u00f3, a les 20 hores, s&#8217;oficiar\u00e0 l&#8217;eucaristia.<\/p>\n\n\n\n<p>La Delegaci\u00f3 de Fam\u00edlia i Vida convida a participar en aquesta iniciativa, que <strong>va comen\u00e7ar per tota Espanya el 19 d&#8217;abril i es desenvolupar\u00e0 fins a principis del mes de juny<\/strong>, amb la participaci\u00f3 per torns de les di\u00f2cesis.<\/p>\n\n\n\n<p>Per a il\u00b7lustrar l&#8217;avan\u00e7 de la iniciativa, a la p\u00e0gina <a href=\"https:\/\/appmatrimonio.es\/visita-papa\/mapa-diocesis-oracion.html\">https:\/\/appmatrimonio.es\/visita-papa\/mapa-diocesis-oracion.html<\/a> s&#8217;ha creat un mapa d&#8217;Espanya en negre. A mesura que les di\u00f2cesis es vagin sumant a la cadena d&#8217;oraci\u00f3 el mapa s&#8217;anir\u00e0 il\u00b7luminant fins a arribar al dia 5 de juny en qu\u00e8 es completar\u00e0 el cicle<\/p>\n\n\n\n<p>Al final de cadascuna de les oracions o celebracions, <strong>la Confer\u00e8ncia Episcopal Espanyola suggereix que tots els actes es comparteixin a <em>#AlzadLaMiradaFamilia<\/em>\u00a0per a realitzar una cadena real d&#8217;oraci\u00f3<\/strong> i suport al Sant Pare.<\/p>\n","protected":false},"excerpt":{"rendered":"<p>Eivissa se sumar\u00e0, el dilluns 4 de maig, a la cadena d&#8217;oraci\u00f3 per la visita del Papa Le\u00f3n XIV a Espanya, amb una vig\u00edlia organitzada per la Delegaci\u00f3 de Fam\u00edlia&#8230;<\/p>\n","protected":false},"author":4,"featured_media":23906,"comment_status":"closed","ping_status":"open","sticky":false,"template":"","format":"standard","meta":{"_monsterinsights_skip_tracking":false,"_monsterinsights_sitenote_active":false,"_monsterinsights_sitenote_note":"","_monsterinsights_sitenote_category":0,"footnotes":""},"categories":[105,135],"tags":[],"class_list":["post-23919","post","type-post","status-publish","format-standard","has-post-thumbnail","hentry","category-noticias-ca","category-noticies"],"yoast_head":"<!-- This site is optimized with the Yoast SEO plugin v27.2 - https:\/\/yoast.com\/product\/yoast-seo-wordpress\/ -->\n<title>EIVISSA SE SUMA EL 4 DE MAIG A LA CADENA D&#039;ORACI\u00d3 PER LA VISITA DEL PAPA A ESPANYA - Obispado de Ibiza<\/title>\n<meta name=\"robots\" content=\"index, follow, max-snippet:-1, max-image-preview:large, max-video-preview:-1\" \/>\n<link rel=\"canonical\" href=\"https:\/\/www.obispadodeibiza.es\/ca\/eivissa-se-suma-el-4-de-maig-a-la-cadena-doracio-per-la-visita-del-papa-a-espanya\/\" \/>\n<meta property=\"og:locale\" content=\"ca_ES\" \/>\n<meta property=\"og:type\" content=\"article\" \/>\n<meta property=\"og:title\" content=\"EIVISSA SE SUMA EL 4 DE MAIG A LA CADENA D&#039;ORACI\u00d3 PER LA VISITA DEL PAPA A ESPANYA - Obispado de Ibiza\" \/>\n<meta property=\"og:description\" content=\"Eivissa se sumar\u00e0, el dilluns 4 de maig, a la cadena d&#8217;oraci\u00f3 per la visita del Papa Le\u00f3n XIV a Espanya, amb una vig\u00edlia organitzada per la Delegaci\u00f3 de Fam\u00edlia...\" \/>\n<meta property=\"og:url\" content=\"https:\/\/www.obispadodeibiza.es\/ca\/eivissa-se-suma-el-4-de-maig-a-la-cadena-doracio-per-la-visita-del-papa-a-espanya\/\" \/>\n<meta property=\"og:site_name\" content=\"Obispado de Ibiza\" \/>\n<meta property=\"article:published_time\" content=\"2026-04-26T10:10:00+00:00\" \/>\n<meta property=\"og:image\" content=\"https:\/\/www.obispadodeibiza.es\/wp-content\/uploads\/2026\/04\/cadena-oracion-papa-ibiza.jpg\" \/>\n\t<meta property=\"og:image:width\" content=\"860\" \/>\n\t<meta property=\"og:image:height\" content=\"645\" \/>\n\t<meta property=\"og:image:type\" content=\"image\/jpeg\" \/>\n<meta name=\"author\" content=\"comunicacion\" \/>\n<meta name=\"twitter:card\" content=\"summary_large_image\" \/>\n<meta name=\"twitter:label1\" content=\"Escrit per\" \/>\n\t<meta name=\"twitter:data1\" content=\"comunicacion\" \/>\n\t<meta name=\"twitter:label2\" content=\"Temps estimat de lectura\" \/>\n\t<meta name=\"twitter:data2\" content=\"2 minuts\" \/>\n<script type=\"application\/ld+json\" class=\"yoast-schema-graph\">{\"@context\":\"https:\/\/schema.org\",\"@graph\":[{\"@type\":\"Article\",\"@id\":\"https:\/\/www.obispadodeibiza.es\/ca\/eivissa-se-suma-el-4-de-maig-a-la-cadena-doracio-per-la-visita-del-papa-a-espanya\/#article\",\"isPartOf\":{\"@id\":\"https:\/\/www.obispadodeibiza.es\/ca\/eivissa-se-suma-el-4-de-maig-a-la-cadena-doracio-per-la-visita-del-papa-a-espanya\/\"},\"author\":{\"name\":\"comunicacion\",\"@id\":\"https:\/\/www.obispadodeibiza.es\/ca\/#\/schema\/person\/e12423e229abea83411444918084d011\"},\"headline\":\"EIVISSA SE SUMA EL 4 DE MAIG A LA CADENA D&#8217;ORACI\u00d3 PER LA VISITA DEL PAPA A ESPANYA\",\"datePublished\":\"2026-04-26T10:10:00+00:00\",\"mainEntityOfPage\":{\"@id\":\"https:\/\/www.obispadodeibiza.es\/ca\/eivissa-se-suma-el-4-de-maig-a-la-cadena-doracio-per-la-visita-del-papa-a-espanya\/\"},\"wordCount\":236,\"publisher\":{\"@id\":\"https:\/\/www.obispadodeibiza.es\/ca\/#organization\"},\"image\":{\"@id\":\"https:\/\/www.obispadodeibiza.es\/ca\/eivissa-se-suma-el-4-de-maig-a-la-cadena-doracio-per-la-visita-del-papa-a-espanya\/#primaryimage\"},\"thumbnailUrl\":\"https:\/\/www.obispadodeibiza.es\/wp-content\/uploads\/2026\/04\/cadena-oracion-papa-ibiza.jpg\",\"articleSection\":[\"Noticias\",\"Not\u00edcies\"],\"inLanguage\":\"ca\"},{\"@type\":\"WebPage\",\"@id\":\"https:\/\/www.obispadodeibiza.es\/ca\/eivissa-se-suma-el-4-de-maig-a-la-cadena-doracio-per-la-visita-del-papa-a-espanya\/\",\"url\":\"https:\/\/www.obispadodeibiza.es\/ca\/eivissa-se-suma-el-4-de-maig-a-la-cadena-doracio-per-la-visita-del-papa-a-espanya\/\",\"name\":\"EIVISSA SE SUMA EL 4 DE MAIG A LA CADENA D'ORACI\u00d3 PER LA VISITA DEL PAPA A ESPANYA - Obispado de Ibiza\",\"isPartOf\":{\"@id\":\"https:\/\/www.obispadodeibiza.es\/ca\/#website\"},\"primaryImageOfPage\":{\"@id\":\"https:\/\/www.obispadodeibiza.es\/ca\/eivissa-se-suma-el-4-de-maig-a-la-cadena-doracio-per-la-visita-del-papa-a-espanya\/#primaryimage\"},\"image\":{\"@id\":\"https:\/\/www.obispadodeibiza.es\/ca\/eivissa-se-suma-el-4-de-maig-a-la-cadena-doracio-per-la-visita-del-papa-a-espanya\/#primaryimage\"},\"thumbnailUrl\":\"https:\/\/www.obispadodeibiza.es\/wp-content\/uploads\/2026\/04\/cadena-oracion-papa-ibiza.jpg\",\"datePublished\":\"2026-04-26T10:10:00+00:00\",\"breadcrumb\":{\"@id\":\"https:\/\/www.obispadodeibiza.es\/ca\/eivissa-se-suma-el-4-de-maig-a-la-cadena-doracio-per-la-visita-del-papa-a-espanya\/#breadcrumb\"},\"inLanguage\":\"ca\",\"potentialAction\":[{\"@type\":\"ReadAction\",\"target\":[\"https:\/\/www.obispadodeibiza.es\/ca\/eivissa-se-suma-el-4-de-maig-a-la-cadena-doracio-per-la-visita-del-papa-a-espanya\/\"]}]},{\"@type\":\"ImageObject\",\"inLanguage\":\"ca\",\"@id\":\"https:\/\/www.obispadodeibiza.es\/ca\/eivissa-se-suma-el-4-de-maig-a-la-cadena-doracio-per-la-visita-del-papa-a-espanya\/#primaryimage\",\"url\":\"https:\/\/www.obispadodeibiza.es\/wp-content\/uploads\/2026\/04\/cadena-oracion-papa-ibiza.jpg\",\"contentUrl\":\"https:\/\/www.obispadodeibiza.es\/wp-content\/uploads\/2026\/04\/cadena-oracion-papa-ibiza.jpg\",\"width\":860,\"height\":645},{\"@type\":\"BreadcrumbList\",\"@id\":\"https:\/\/www.obispadodeibiza.es\/ca\/eivissa-se-suma-el-4-de-maig-a-la-cadena-doracio-per-la-visita-del-papa-a-espanya\/#breadcrumb\",\"itemListElement\":[{\"@type\":\"ListItem\",\"position\":1,\"name\":\"Home\",\"item\":\"https:\/\/www.obispadodeibiza.es\/ca\/?page_id=23429\"},{\"@type\":\"ListItem\",\"position\":2,\"name\":\"EIVISSA SE SUMA EL 4 DE MAIG A LA CADENA D&#8217;ORACI\u00d3 PER LA VISITA DEL PAPA A ESPANYA\"}]},{\"@type\":\"WebSite\",\"@id\":\"https:\/\/www.obispadodeibiza.es\/ca\/#website\",\"url\":\"https:\/\/www.obispadodeibiza.es\/ca\/\",\"name\":\"Obispado de Ibiza\",\"description\":\"Web Oficial de la Di\u00f3cesis de Ibiza\",\"publisher\":{\"@id\":\"https:\/\/www.obispadodeibiza.es\/ca\/#organization\"},\"potentialAction\":[{\"@type\":\"SearchAction\",\"target\":{\"@type\":\"EntryPoint\",\"urlTemplate\":\"https:\/\/www.obispadodeibiza.es\/ca\/?s={search_term_string}\"},\"query-input\":{\"@type\":\"PropertyValueSpecification\",\"valueRequired\":true,\"valueName\":\"search_term_string\"}}],\"inLanguage\":\"ca\"},{\"@type\":\"Organization\",\"@id\":\"https:\/\/www.obispadodeibiza.es\/ca\/#organization\",\"name\":\"Obispado de Ibiza\",\"url\":\"https:\/\/www.obispadodeibiza.es\/ca\/\",\"logo\":{\"@type\":\"ImageObject\",\"inLanguage\":\"ca\",\"@id\":\"https:\/\/www.obispadodeibiza.es\/ca\/#\/schema\/logo\/image\/\",\"url\":\"https:\/\/www.obispadodeibiza.es\/wp-content\/uploads\/2021\/03\/logo-bisbat-eivissa-color.png\",\"contentUrl\":\"https:\/\/www.obispadodeibiza.es\/wp-content\/uploads\/2021\/03\/logo-bisbat-eivissa-color.png\",\"width\":1739,\"height\":1544,\"caption\":\"Obispado de Ibiza\"},\"image\":{\"@id\":\"https:\/\/www.obispadodeibiza.es\/ca\/#\/schema\/logo\/image\/\"}},{\"@type\":\"Person\",\"@id\":\"https:\/\/www.obispadodeibiza.es\/ca\/#\/schema\/person\/e12423e229abea83411444918084d011\",\"name\":\"comunicacion\",\"sameAs\":[\"sbq-ibiza\"],\"url\":\"https:\/\/www.obispadodeibiza.es\/ca\/author\/comunicacion\/\"}]}<\/script>\n<!-- \/ Yoast SEO plugin. -->","yoast_head_json":{"title":"EIVISSA SE SUMA EL 4 DE MAIG A LA CADENA D'ORACI\u00d3 PER LA VISITA DEL PAPA A ESPANYA - Obispado de Ibiza","robots":{"index":"index","follow":"follow","max-snippet":"max-snippet:-1","max-image-preview":"max-image-preview:large","max-video-preview":"max-video-preview:-1"},"canonical":"https:\/\/www.obispadodeibiza.es\/ca\/eivissa-se-suma-el-4-de-maig-a-la-cadena-doracio-per-la-visita-del-papa-a-espanya\/","og_locale":"ca_ES","og_type":"article","og_title":"EIVISSA SE SUMA EL 4 DE MAIG A LA CADENA D'ORACI\u00d3 PER LA VISITA DEL PAPA A ESPANYA - Obispado de Ibiza","og_description":"Eivissa se sumar\u00e0, el dilluns 4 de maig, a la cadena d&#8217;oraci\u00f3 per la visita del Papa Le\u00f3n XIV a Espanya, amb una vig\u00edlia organitzada per la Delegaci\u00f3 de Fam\u00edlia...","og_url":"https:\/\/www.obispadodeibiza.es\/ca\/eivissa-se-suma-el-4-de-maig-a-la-cadena-doracio-per-la-visita-del-papa-a-espanya\/","og_site_name":"Obispado de Ibiza","article_published_time":"2026-04-26T10:10:00+00:00","og_image":[{"width":860,"height":645,"url":"https:\/\/www.obispadodeibiza.es\/wp-content\/uploads\/2026\/04\/cadena-oracion-papa-ibiza.jpg","type":"image\/jpeg"}],"author":"comunicacion","twitter_card":"summary_large_image","twitter_misc":{"Escrit per":"comunicacion","Temps estimat de lectura":"2 minuts"},"schema":{"@context":"https:\/\/schema.org","@graph":[{"@type":"Article","@id":"https:\/\/www.obispadodeibiza.es\/ca\/eivissa-se-suma-el-4-de-maig-a-la-cadena-doracio-per-la-visita-del-papa-a-espanya\/#article","isPartOf":{"@id":"https:\/\/www.obispadodeibiza.es\/ca\/eivissa-se-suma-el-4-de-maig-a-la-cadena-doracio-per-la-visita-del-papa-a-espanya\/"},"author":{"name":"comunicacion","@id":"https:\/\/www.obispadodeibiza.es\/ca\/#\/schema\/person\/e12423e229abea83411444918084d011"},"headline":"EIVISSA SE SUMA EL 4 DE MAIG A LA CADENA D&#8217;ORACI\u00d3 PER LA VISITA DEL PAPA A ESPANYA","datePublished":"2026-04-26T10:10:00+00:00","mainEntityOfPage":{"@id":"https:\/\/www.obispadodeibiza.es\/ca\/eivissa-se-suma-el-4-de-maig-a-la-cadena-doracio-per-la-visita-del-papa-a-espanya\/"},"wordCount":236,"publisher":{"@id":"https:\/\/www.obispadodeibiza.es\/ca\/#organization"},"image":{"@id":"https:\/\/www.obispadodeibiza.es\/ca\/eivissa-se-suma-el-4-de-maig-a-la-cadena-doracio-per-la-visita-del-papa-a-espanya\/#primaryimage"},"thumbnailUrl":"https:\/\/www.obispadodeibiza.es\/wp-content\/uploads\/2026\/04\/cadena-oracion-papa-ibiza.jpg","articleSection":["Noticias","Not\u00edcies"],"inLanguage":"ca"},{"@type":"WebPage","@id":"https:\/\/www.obispadodeibiza.es\/ca\/eivissa-se-suma-el-4-de-maig-a-la-cadena-doracio-per-la-visita-del-papa-a-espanya\/","url":"https:\/\/www.obispadodeibiza.es\/ca\/eivissa-se-suma-el-4-de-maig-a-la-cadena-doracio-per-la-visita-del-papa-a-espanya\/","name":"EIVISSA SE SUMA EL 4 DE MAIG A LA CADENA D'ORACI\u00d3 PER LA VISITA DEL PAPA A ESPANYA - Obispado de Ibiza","isPartOf":{"@id":"https:\/\/www.obispadodeibiza.es\/ca\/#website"},"primaryImageOfPage":{"@id":"https:\/\/www.obispadodeibiza.es\/ca\/eivissa-se-suma-el-4-de-maig-a-la-cadena-doracio-per-la-visita-del-papa-a-espanya\/#primaryimage"},"image":{"@id":"https:\/\/www.obispadodeibiza.es\/ca\/eivissa-se-suma-el-4-de-maig-a-la-cadena-doracio-per-la-visita-del-papa-a-espanya\/#primaryimage"},"thumbnailUrl":"https:\/\/www.obispadodeibiza.es\/wp-content\/uploads\/2026\/04\/cadena-oracion-papa-ibiza.jpg","datePublished":"2026-04-26T10:10:00+00:00","breadcrumb":{"@id":"https:\/\/www.obispadodeibiza.es\/ca\/eivissa-se-suma-el-4-de-maig-a-la-cadena-doracio-per-la-visita-del-papa-a-espanya\/#breadcrumb"},"inLanguage":"ca","potentialAction":[{"@type":"ReadAction","target":["https:\/\/www.obispadodeibiza.es\/ca\/eivissa-se-suma-el-4-de-maig-a-la-cadena-doracio-per-la-visita-del-papa-a-espanya\/"]}]},{"@type":"ImageObject","inLanguage":"ca","@id":"https:\/\/www.obispadodeibiza.es\/ca\/eivissa-se-suma-el-4-de-maig-a-la-cadena-doracio-per-la-visita-del-papa-a-espanya\/#primaryimage","url":"https:\/\/www.obispadodeibiza.es\/wp-content\/uploads\/2026\/04\/cadena-oracion-papa-ibiza.jpg","contentUrl":"https:\/\/www.obispadodeibiza.es\/wp-content\/uploads\/2026\/04\/cadena-oracion-papa-ibiza.jpg","width":860,"height":645},{"@type":"BreadcrumbList","@id":"https:\/\/www.obispadodeibiza.es\/ca\/eivissa-se-suma-el-4-de-maig-a-la-cadena-doracio-per-la-visita-del-papa-a-espanya\/#breadcrumb","itemListElement":[{"@type":"ListItem","position":1,"name":"Home","item":"https:\/\/www.obispadodeibiza.es\/ca\/?page_id=23429"},{"@type":"ListItem","position":2,"name":"EIVISSA SE SUMA EL 4 DE MAIG A LA CADENA D&#8217;ORACI\u00d3 PER LA VISITA DEL PAPA A ESPANYA"}]},{"@type":"WebSite","@id":"https:\/\/www.obispadodeibiza.es\/ca\/#website","url":"https:\/\/www.obispadodeibiza.es\/ca\/","name":"Obispado de Ibiza","description":"Web Oficial de la Di\u00f3cesis de Ibiza","publisher":{"@id":"https:\/\/www.obispadodeibiza.es\/ca\/#organization"},"potentialAction":[{"@type":"SearchAction","target":{"@type":"EntryPoint","urlTemplate":"https:\/\/www.obispadodeibiza.es\/ca\/?s={search_term_string}"},"query-input":{"@type":"PropertyValueSpecification","valueRequired":true,"valueName":"search_term_string"}}],"inLanguage":"ca"},{"@type":"Organization","@id":"https:\/\/www.obispadodeibiza.es\/ca\/#organization","name":"Obispado de Ibiza","url":"https:\/\/www.obispadodeibiza.es\/ca\/","logo":{"@type":"ImageObject","inLanguage":"ca","@id":"https:\/\/www.obispadodeibiza.es\/ca\/#\/schema\/logo\/image\/","url":"https:\/\/www.obispadodeibiza.es\/wp-content\/uploads\/2021\/03\/logo-bisbat-eivissa-color.png","contentUrl":"https:\/\/www.obispadodeibiza.es\/wp-content\/uploads\/2021\/03\/logo-bisbat-eivissa-color.png","width":1739,"height":1544,"caption":"Obispado de Ibiza"},"image":{"@id":"https:\/\/www.obispadodeibiza.es\/ca\/#\/schema\/logo\/image\/"}},{"@type":"Person","@id":"https:\/\/www.obispadodeibiza.es\/ca\/#\/schema\/person\/e12423e229abea83411444918084d011","name":"comunicacion","sameAs":["sbq-ibiza"],"url":"https:\/\/www.obispadodeibiza.es\/ca\/author\/comunicacion\/"}]}},"_links":{"self":[{"href":"https:\/\/www.obispadodeibiza.es\/ca\/wp-json\/wp\/v2\/posts\/23919","targetHints":{"allow":["GET"]}}],"collection":[{"href":"https:\/\/www.obispadodeibiza.es\/ca\/wp-json\/wp\/v2\/posts"}],"about":[{"href":"https:\/\/www.obispadodeibiza.es\/ca\/wp-json\/wp\/v2\/types\/post"}],"author":[{"embeddable":true,"href":"https:\/\/www.obispadodeibiza.es\/ca\/wp-json\/wp\/v2\/users\/4"}],"replies":[{"embeddable":true,"href":"https:\/\/www.obispadodeibiza.es\/ca\/wp-json\/wp\/v2\/comments?post=23919"}],"version-history":[{"count":1,"href":"https:\/\/www.obispadodeibiza.es\/ca\/wp-json\/wp\/v2\/posts\/23919\/revisions"}],"predecessor-version":[{"id":23920,"href":"https:\/\/www.obispadodeibiza.es\/ca\/wp-json\/wp\/v2\/posts\/23919\/revisions\/23920"}],"wp:featuredmedia":[{"embeddable":true,"href":"https:\/\/www.obispadodeibiza.es\/ca\/wp-json\/wp\/v2\/media\/23906"}],"wp:attachment":[{"href":"https:\/\/www.obispadodeibiza.es\/ca\/wp-json\/wp\/v2\/media?parent=23919"}],"wp:term":[{"taxonomy":"category","embeddable":true,"href":"https:\/\/www.obispadodeibiza.es\/ca\/wp-json\/wp\/v2\/categories?post=23919"},{"taxonomy":"post_tag","embeddable":true,"href":"https:\/\/www.obispadodeibiza.es\/ca\/wp-json\/wp\/v2\/tags?post=23919"}],"curies":[{"name":"wp","href":"https:\/\/api.w.org\/{rel}","templated":true}]}}