{"id":23937,"date":"2026-04-23T12:01:25","date_gmt":"2026-04-23T10:01:25","guid":{"rendered":"https:\/\/www.obispadodeibiza.es\/?p=23937"},"modified":"2026-04-23T12:45:44","modified_gmt":"2026-04-23T10:45:44","slug":"peregrinacio-de-joves-deivissa-i-formentera-a-madrid-per-la-visita-del-papa","status":"publish","type":"post","link":"https:\/\/www.obispadodeibiza.es\/ca\/peregrinacio-de-joves-deivissa-i-formentera-a-madrid-per-la-visita-del-papa\/","title":{"rendered":"PEREGRINACI\u00d3 DE JOVES D\u2019EIVISSA I FORMENTERA A MADRID PER LA VISITA DEL PAPA"},"content":{"rendered":"<style type=\"text\/css\"><\/style>\n<p>Amb motiu de la pr\u00f2xima <a href=\"https:\/\/conelpapa.es\/\">visita del Papa Lle\u00f3 XIV a Espanya, del 6 al 12 de juny<\/a>, la <strong>Delegaci\u00f3 d&#8217;Inf\u00e0ncia i Joventut convida als joves d&#8217;Eivissa i Formentera acompanyar-lo en aquest moment \u00fanic<\/strong>, al costat dels joves de Madrid i de molts altres llocs de tota Espanya.<\/p>\n\n\n\n<p>El viatge a Madrid dels joves&nbsp;pitiusos&nbsp;que vulguin anar a la trobada amb el Sant Pare ser\u00e0 amb avi\u00f3, en el vol d&#8217;Ib\u00e8ria que surt d\u2019Eivissa a les 8:50 del dissabte 6, i la tornada a les 15:45 del diumenge 7. L&#8217;allotjament ser\u00e0 en col\u00b7legis, parr\u00f2quies o pavellons.<\/p>\n\n\n\n<p>El paquet de viatge d&#8217;aquesta peregrinaci\u00f3 no inclou menjar i la Delegaci\u00f3 recomana portar des d&#8217;Eivissa tot els que es necessiti per a aquestes 30 hores a Madrid, exceptuant l\u00edquids, que no poden passar pels controls de seguretat de l&#8217;aeroport.<\/p>\n\n\n\n<p>L&#8217;organitzaci\u00f3 de la visita del Papa a Madrid est\u00e0 preparant un &#8220;men\u00fa del pelegr\u00ed\u201d, per\u00f2 per l&#8217;alta demanda ser\u00e0&nbsp;dificil&nbsp;trobar un lloc per menjar.<\/p>\n\n\n\n<p>Es recomana portar sac i estoreta per a dormir, una sola motxilla per al viatge -una pe\u00e7a de fins a 10 kg (56x40x25cm), que anir\u00e0 en cabina o a la bodega, segons l\u2019espai disponible; menjar per a tot el viatge; \u00fatils d&#8217;higiene; gorra, crema solar i\u00a0cantimplora.<br><strong>El preu del viatge i l&#8217;allotjament ser\u00e0 de 110\u20ac,<\/strong> encara que pot variar si el preu dels bitllets d&#8217;avi\u00f3 canvia en el moment de confirmar la reserva.<br><br>Els interessats a sumar-se a aquesta peregrinaci\u00f3, <a href=\"https:\/\/docs.google.com\/forms\/d\/e\/1FAIpQLScrwQomvEAh30SJqqVQnnMuqI8iu1J6Pu5AVWluXn_IPrJr8A\/viewform\"><strong>poden inscriure&#8217;s a trav\u00e9s d&#8217;aquest enlla\u00e7.<\/strong><\/a><\/p>\n","protected":false},"excerpt":{"rendered":"<p>Amb motiu de la pr\u00f2xima visita del Papa Lle\u00f3 XIV a Espanya, del 6 al 12 de juny, la Delegaci\u00f3 d&#8217;Inf\u00e0ncia i Joventut convida als joves d&#8217;Eivissa i Formentera acompanyar-lo&#8230;<\/p>\n","protected":false},"author":4,"featured_media":23928,"comment_status":"closed","ping_status":"open","sticky":false,"template":"","format":"standard","meta":{"_monsterinsights_skip_tracking":false,"_monsterinsights_sitenote_active":false,"_monsterinsights_sitenote_note":"","_monsterinsights_sitenote_category":0,"footnotes":""},"categories":[105,135],"tags":[],"class_list":["post-23937","post","type-post","status-publish","format-standard","has-post-thumbnail","hentry","category-noticias-ca","category-noticies"],"yoast_head":"<!-- This site is optimized with the Yoast SEO plugin v27.2 - https:\/\/yoast.com\/product\/yoast-seo-wordpress\/ -->\n<title>PEREGRINACI\u00d3 DE JOVES D\u2019EIVISSA I FORMENTERA A MADRID PER LA VISITA DEL PAPA - Obispado de Ibiza<\/title>\n<meta name=\"robots\" content=\"index, follow, max-snippet:-1, max-image-preview:large, max-video-preview:-1\" \/>\n<link rel=\"canonical\" href=\"https:\/\/www.obispadodeibiza.es\/ca\/peregrinacio-de-joves-deivissa-i-formentera-a-madrid-per-la-visita-del-papa\/\" \/>\n<meta property=\"og:locale\" content=\"ca_ES\" \/>\n<meta property=\"og:type\" content=\"article\" \/>\n<meta property=\"og:title\" content=\"PEREGRINACI\u00d3 DE JOVES D\u2019EIVISSA I FORMENTERA A MADRID PER LA VISITA DEL PAPA - Obispado de Ibiza\" \/>\n<meta property=\"og:description\" content=\"Amb motiu de la pr\u00f2xima visita del Papa Lle\u00f3 XIV a Espanya, del 6 al 12 de juny, la Delegaci\u00f3 d&#8217;Inf\u00e0ncia i Joventut convida als joves d&#8217;Eivissa i Formentera acompanyar-lo...\" \/>\n<meta property=\"og:url\" content=\"https:\/\/www.obispadodeibiza.es\/ca\/peregrinacio-de-joves-deivissa-i-formentera-a-madrid-per-la-visita-del-papa\/\" \/>\n<meta property=\"og:site_name\" content=\"Obispado de Ibiza\" \/>\n<meta property=\"article:published_time\" content=\"2026-04-23T10:01:25+00:00\" \/>\n<meta property=\"article:modified_time\" content=\"2026-04-23T10:45:44+00:00\" \/>\n<meta property=\"og:image\" content=\"https:\/\/www.obispadodeibiza.es\/wp-content\/uploads\/2026\/04\/papa-espana-ibiza-formentera.jpg\" \/>\n\t<meta property=\"og:image:width\" content=\"860\" \/>\n\t<meta property=\"og:image:height\" content=\"645\" \/>\n\t<meta property=\"og:image:type\" content=\"image\/jpeg\" \/>\n<meta name=\"author\" content=\"comunicacion\" \/>\n<meta name=\"twitter:card\" content=\"summary_large_image\" \/>\n<meta name=\"twitter:label1\" content=\"Escrit per\" \/>\n\t<meta name=\"twitter:data1\" content=\"comunicacion\" \/>\n\t<meta name=\"twitter:label2\" content=\"Temps estimat de lectura\" \/>\n\t<meta name=\"twitter:data2\" content=\"2 minuts\" \/>\n<script type=\"application\/ld+json\" class=\"yoast-schema-graph\">{\"@context\":\"https:\/\/schema.org\",\"@graph\":[{\"@type\":\"Article\",\"@id\":\"https:\/\/www.obispadodeibiza.es\/ca\/peregrinacio-de-joves-deivissa-i-formentera-a-madrid-per-la-visita-del-papa\/#article\",\"isPartOf\":{\"@id\":\"https:\/\/www.obispadodeibiza.es\/ca\/peregrinacio-de-joves-deivissa-i-formentera-a-madrid-per-la-visita-del-papa\/\"},\"author\":{\"name\":\"comunicacion\",\"@id\":\"https:\/\/www.obispadodeibiza.es\/ca\/#\/schema\/person\/e12423e229abea83411444918084d011\"},\"headline\":\"PEREGRINACI\u00d3 DE JOVES D\u2019EIVISSA I FORMENTERA A MADRID PER LA VISITA DEL PAPA\",\"datePublished\":\"2026-04-23T10:01:25+00:00\",\"dateModified\":\"2026-04-23T10:45:44+00:00\",\"mainEntityOfPage\":{\"@id\":\"https:\/\/www.obispadodeibiza.es\/ca\/peregrinacio-de-joves-deivissa-i-formentera-a-madrid-per-la-visita-del-papa\/\"},\"wordCount\":284,\"publisher\":{\"@id\":\"https:\/\/www.obispadodeibiza.es\/ca\/#organization\"},\"image\":{\"@id\":\"https:\/\/www.obispadodeibiza.es\/ca\/peregrinacio-de-joves-deivissa-i-formentera-a-madrid-per-la-visita-del-papa\/#primaryimage\"},\"thumbnailUrl\":\"https:\/\/www.obispadodeibiza.es\/wp-content\/uploads\/2026\/04\/papa-espana-ibiza-formentera.jpg\",\"articleSection\":[\"Noticias\",\"Not\u00edcies\"],\"inLanguage\":\"ca\"},{\"@type\":\"WebPage\",\"@id\":\"https:\/\/www.obispadodeibiza.es\/ca\/peregrinacio-de-joves-deivissa-i-formentera-a-madrid-per-la-visita-del-papa\/\",\"url\":\"https:\/\/www.obispadodeibiza.es\/ca\/peregrinacio-de-joves-deivissa-i-formentera-a-madrid-per-la-visita-del-papa\/\",\"name\":\"PEREGRINACI\u00d3 DE JOVES D\u2019EIVISSA I FORMENTERA A MADRID PER LA VISITA DEL PAPA - Obispado de Ibiza\",\"isPartOf\":{\"@id\":\"https:\/\/www.obispadodeibiza.es\/ca\/#website\"},\"primaryImageOfPage\":{\"@id\":\"https:\/\/www.obispadodeibiza.es\/ca\/peregrinacio-de-joves-deivissa-i-formentera-a-madrid-per-la-visita-del-papa\/#primaryimage\"},\"image\":{\"@id\":\"https:\/\/www.obispadodeibiza.es\/ca\/peregrinacio-de-joves-deivissa-i-formentera-a-madrid-per-la-visita-del-papa\/#primaryimage\"},\"thumbnailUrl\":\"https:\/\/www.obispadodeibiza.es\/wp-content\/uploads\/2026\/04\/papa-espana-ibiza-formentera.jpg\",\"datePublished\":\"2026-04-23T10:01:25+00:00\",\"dateModified\":\"2026-04-23T10:45:44+00:00\",\"breadcrumb\":{\"@id\":\"https:\/\/www.obispadodeibiza.es\/ca\/peregrinacio-de-joves-deivissa-i-formentera-a-madrid-per-la-visita-del-papa\/#breadcrumb\"},\"inLanguage\":\"ca\",\"potentialAction\":[{\"@type\":\"ReadAction\",\"target\":[\"https:\/\/www.obispadodeibiza.es\/ca\/peregrinacio-de-joves-deivissa-i-formentera-a-madrid-per-la-visita-del-papa\/\"]}]},{\"@type\":\"ImageObject\",\"inLanguage\":\"ca\",\"@id\":\"https:\/\/www.obispadodeibiza.es\/ca\/peregrinacio-de-joves-deivissa-i-formentera-a-madrid-per-la-visita-del-papa\/#primaryimage\",\"url\":\"https:\/\/www.obispadodeibiza.es\/wp-content\/uploads\/2026\/04\/papa-espana-ibiza-formentera.jpg\",\"contentUrl\":\"https:\/\/www.obispadodeibiza.es\/wp-content\/uploads\/2026\/04\/papa-espana-ibiza-formentera.jpg\",\"width\":860,\"height\":645},{\"@type\":\"BreadcrumbList\",\"@id\":\"https:\/\/www.obispadodeibiza.es\/ca\/peregrinacio-de-joves-deivissa-i-formentera-a-madrid-per-la-visita-del-papa\/#breadcrumb\",\"itemListElement\":[{\"@type\":\"ListItem\",\"position\":1,\"name\":\"Home\",\"item\":\"https:\/\/www.obispadodeibiza.es\/ca\/?page_id=23429\"},{\"@type\":\"ListItem\",\"position\":2,\"name\":\"PEREGRINACI\u00d3 DE JOVES D\u2019EIVISSA I FORMENTERA A MADRID PER LA VISITA DEL PAPA\"}]},{\"@type\":\"WebSite\",\"@id\":\"https:\/\/www.obispadodeibiza.es\/ca\/#website\",\"url\":\"https:\/\/www.obispadodeibiza.es\/ca\/\",\"name\":\"Obispado de Ibiza\",\"description\":\"Web Oficial de la Di\u00f3cesis de Ibiza\",\"publisher\":{\"@id\":\"https:\/\/www.obispadodeibiza.es\/ca\/#organization\"},\"potentialAction\":[{\"@type\":\"SearchAction\",\"target\":{\"@type\":\"EntryPoint\",\"urlTemplate\":\"https:\/\/www.obispadodeibiza.es\/ca\/?s={search_term_string}\"},\"query-input\":{\"@type\":\"PropertyValueSpecification\",\"valueRequired\":true,\"valueName\":\"search_term_string\"}}],\"inLanguage\":\"ca\"},{\"@type\":\"Organization\",\"@id\":\"https:\/\/www.obispadodeibiza.es\/ca\/#organization\",\"name\":\"Obispado de Ibiza\",\"url\":\"https:\/\/www.obispadodeibiza.es\/ca\/\",\"logo\":{\"@type\":\"ImageObject\",\"inLanguage\":\"ca\",\"@id\":\"https:\/\/www.obispadodeibiza.es\/ca\/#\/schema\/logo\/image\/\",\"url\":\"https:\/\/www.obispadodeibiza.es\/wp-content\/uploads\/2021\/03\/logo-bisbat-eivissa-color.png\",\"contentUrl\":\"https:\/\/www.obispadodeibiza.es\/wp-content\/uploads\/2021\/03\/logo-bisbat-eivissa-color.png\",\"width\":1739,\"height\":1544,\"caption\":\"Obispado de Ibiza\"},\"image\":{\"@id\":\"https:\/\/www.obispadodeibiza.es\/ca\/#\/schema\/logo\/image\/\"}},{\"@type\":\"Person\",\"@id\":\"https:\/\/www.obispadodeibiza.es\/ca\/#\/schema\/person\/e12423e229abea83411444918084d011\",\"name\":\"comunicacion\",\"sameAs\":[\"sbq-ibiza\"],\"url\":\"https:\/\/www.obispadodeibiza.es\/ca\/author\/comunicacion\/\"}]}<\/script>\n<!-- \/ Yoast SEO plugin. -->","yoast_head_json":{"title":"PEREGRINACI\u00d3 DE JOVES D\u2019EIVISSA I FORMENTERA A MADRID PER LA VISITA DEL PAPA - Obispado de Ibiza","robots":{"index":"index","follow":"follow","max-snippet":"max-snippet:-1","max-image-preview":"max-image-preview:large","max-video-preview":"max-video-preview:-1"},"canonical":"https:\/\/www.obispadodeibiza.es\/ca\/peregrinacio-de-joves-deivissa-i-formentera-a-madrid-per-la-visita-del-papa\/","og_locale":"ca_ES","og_type":"article","og_title":"PEREGRINACI\u00d3 DE JOVES D\u2019EIVISSA I FORMENTERA A MADRID PER LA VISITA DEL PAPA - Obispado de Ibiza","og_description":"Amb motiu de la pr\u00f2xima visita del Papa Lle\u00f3 XIV a Espanya, del 6 al 12 de juny, la Delegaci\u00f3 d&#8217;Inf\u00e0ncia i Joventut convida als joves d&#8217;Eivissa i Formentera acompanyar-lo...","og_url":"https:\/\/www.obispadodeibiza.es\/ca\/peregrinacio-de-joves-deivissa-i-formentera-a-madrid-per-la-visita-del-papa\/","og_site_name":"Obispado de Ibiza","article_published_time":"2026-04-23T10:01:25+00:00","article_modified_time":"2026-04-23T10:45:44+00:00","og_image":[{"width":860,"height":645,"url":"https:\/\/www.obispadodeibiza.es\/wp-content\/uploads\/2026\/04\/papa-espana-ibiza-formentera.jpg","type":"image\/jpeg"}],"author":"comunicacion","twitter_card":"summary_large_image","twitter_misc":{"Escrit per":"comunicacion","Temps estimat de lectura":"2 minuts"},"schema":{"@context":"https:\/\/schema.org","@graph":[{"@type":"Article","@id":"https:\/\/www.obispadodeibiza.es\/ca\/peregrinacio-de-joves-deivissa-i-formentera-a-madrid-per-la-visita-del-papa\/#article","isPartOf":{"@id":"https:\/\/www.obispadodeibiza.es\/ca\/peregrinacio-de-joves-deivissa-i-formentera-a-madrid-per-la-visita-del-papa\/"},"author":{"name":"comunicacion","@id":"https:\/\/www.obispadodeibiza.es\/ca\/#\/schema\/person\/e12423e229abea83411444918084d011"},"headline":"PEREGRINACI\u00d3 DE JOVES D\u2019EIVISSA I FORMENTERA A MADRID PER LA VISITA DEL PAPA","datePublished":"2026-04-23T10:01:25+00:00","dateModified":"2026-04-23T10:45:44+00:00","mainEntityOfPage":{"@id":"https:\/\/www.obispadodeibiza.es\/ca\/peregrinacio-de-joves-deivissa-i-formentera-a-madrid-per-la-visita-del-papa\/"},"wordCount":284,"publisher":{"@id":"https:\/\/www.obispadodeibiza.es\/ca\/#organization"},"image":{"@id":"https:\/\/www.obispadodeibiza.es\/ca\/peregrinacio-de-joves-deivissa-i-formentera-a-madrid-per-la-visita-del-papa\/#primaryimage"},"thumbnailUrl":"https:\/\/www.obispadodeibiza.es\/wp-content\/uploads\/2026\/04\/papa-espana-ibiza-formentera.jpg","articleSection":["Noticias","Not\u00edcies"],"inLanguage":"ca"},{"@type":"WebPage","@id":"https:\/\/www.obispadodeibiza.es\/ca\/peregrinacio-de-joves-deivissa-i-formentera-a-madrid-per-la-visita-del-papa\/","url":"https:\/\/www.obispadodeibiza.es\/ca\/peregrinacio-de-joves-deivissa-i-formentera-a-madrid-per-la-visita-del-papa\/","name":"PEREGRINACI\u00d3 DE JOVES D\u2019EIVISSA I FORMENTERA A MADRID PER LA VISITA DEL PAPA - Obispado de Ibiza","isPartOf":{"@id":"https:\/\/www.obispadodeibiza.es\/ca\/#website"},"primaryImageOfPage":{"@id":"https:\/\/www.obispadodeibiza.es\/ca\/peregrinacio-de-joves-deivissa-i-formentera-a-madrid-per-la-visita-del-papa\/#primaryimage"},"image":{"@id":"https:\/\/www.obispadodeibiza.es\/ca\/peregrinacio-de-joves-deivissa-i-formentera-a-madrid-per-la-visita-del-papa\/#primaryimage"},"thumbnailUrl":"https:\/\/www.obispadodeibiza.es\/wp-content\/uploads\/2026\/04\/papa-espana-ibiza-formentera.jpg","datePublished":"2026-04-23T10:01:25+00:00","dateModified":"2026-04-23T10:45:44+00:00","breadcrumb":{"@id":"https:\/\/www.obispadodeibiza.es\/ca\/peregrinacio-de-joves-deivissa-i-formentera-a-madrid-per-la-visita-del-papa\/#breadcrumb"},"inLanguage":"ca","potentialAction":[{"@type":"ReadAction","target":["https:\/\/www.obispadodeibiza.es\/ca\/peregrinacio-de-joves-deivissa-i-formentera-a-madrid-per-la-visita-del-papa\/"]}]},{"@type":"ImageObject","inLanguage":"ca","@id":"https:\/\/www.obispadodeibiza.es\/ca\/peregrinacio-de-joves-deivissa-i-formentera-a-madrid-per-la-visita-del-papa\/#primaryimage","url":"https:\/\/www.obispadodeibiza.es\/wp-content\/uploads\/2026\/04\/papa-espana-ibiza-formentera.jpg","contentUrl":"https:\/\/www.obispadodeibiza.es\/wp-content\/uploads\/2026\/04\/papa-espana-ibiza-formentera.jpg","width":860,"height":645},{"@type":"BreadcrumbList","@id":"https:\/\/www.obispadodeibiza.es\/ca\/peregrinacio-de-joves-deivissa-i-formentera-a-madrid-per-la-visita-del-papa\/#breadcrumb","itemListElement":[{"@type":"ListItem","position":1,"name":"Home","item":"https:\/\/www.obispadodeibiza.es\/ca\/?page_id=23429"},{"@type":"ListItem","position":2,"name":"PEREGRINACI\u00d3 DE JOVES D\u2019EIVISSA I FORMENTERA A MADRID PER LA VISITA DEL PAPA"}]},{"@type":"WebSite","@id":"https:\/\/www.obispadodeibiza.es\/ca\/#website","url":"https:\/\/www.obispadodeibiza.es\/ca\/","name":"Obispado de Ibiza","description":"Web Oficial de la Di\u00f3cesis de Ibiza","publisher":{"@id":"https:\/\/www.obispadodeibiza.es\/ca\/#organization"},"potentialAction":[{"@type":"SearchAction","target":{"@type":"EntryPoint","urlTemplate":"https:\/\/www.obispadodeibiza.es\/ca\/?s={search_term_string}"},"query-input":{"@type":"PropertyValueSpecification","valueRequired":true,"valueName":"search_term_string"}}],"inLanguage":"ca"},{"@type":"Organization","@id":"https:\/\/www.obispadodeibiza.es\/ca\/#organization","name":"Obispado de Ibiza","url":"https:\/\/www.obispadodeibiza.es\/ca\/","logo":{"@type":"ImageObject","inLanguage":"ca","@id":"https:\/\/www.obispadodeibiza.es\/ca\/#\/schema\/logo\/image\/","url":"https:\/\/www.obispadodeibiza.es\/wp-content\/uploads\/2021\/03\/logo-bisbat-eivissa-color.png","contentUrl":"https:\/\/www.obispadodeibiza.es\/wp-content\/uploads\/2021\/03\/logo-bisbat-eivissa-color.png","width":1739,"height":1544,"caption":"Obispado de Ibiza"},"image":{"@id":"https:\/\/www.obispadodeibiza.es\/ca\/#\/schema\/logo\/image\/"}},{"@type":"Person","@id":"https:\/\/www.obispadodeibiza.es\/ca\/#\/schema\/person\/e12423e229abea83411444918084d011","name":"comunicacion","sameAs":["sbq-ibiza"],"url":"https:\/\/www.obispadodeibiza.es\/ca\/author\/comunicacion\/"}]}},"_links":{"self":[{"href":"https:\/\/www.obispadodeibiza.es\/ca\/wp-json\/wp\/v2\/posts\/23937","targetHints":{"allow":["GET"]}}],"collection":[{"href":"https:\/\/www.obispadodeibiza.es\/ca\/wp-json\/wp\/v2\/posts"}],"about":[{"href":"https:\/\/www.obispadodeibiza.es\/ca\/wp-json\/wp\/v2\/types\/post"}],"author":[{"embeddable":true,"href":"https:\/\/www.obispadodeibiza.es\/ca\/wp-json\/wp\/v2\/users\/4"}],"replies":[{"embeddable":true,"href":"https:\/\/www.obispadodeibiza.es\/ca\/wp-json\/wp\/v2\/comments?post=23937"}],"version-history":[{"count":2,"href":"https:\/\/www.obispadodeibiza.es\/ca\/wp-json\/wp\/v2\/posts\/23937\/revisions"}],"predecessor-version":[{"id":23945,"href":"https:\/\/www.obispadodeibiza.es\/ca\/wp-json\/wp\/v2\/posts\/23937\/revisions\/23945"}],"wp:featuredmedia":[{"embeddable":true,"href":"https:\/\/www.obispadodeibiza.es\/ca\/wp-json\/wp\/v2\/media\/23928"}],"wp:attachment":[{"href":"https:\/\/www.obispadodeibiza.es\/ca\/wp-json\/wp\/v2\/media?parent=23937"}],"wp:term":[{"taxonomy":"category","embeddable":true,"href":"https:\/\/www.obispadodeibiza.es\/ca\/wp-json\/wp\/v2\/categories?post=23937"},{"taxonomy":"post_tag","embeddable":true,"href":"https:\/\/www.obispadodeibiza.es\/ca\/wp-json\/wp\/v2\/tags?post=23937"}],"curies":[{"name":"wp","href":"https:\/\/api.w.org\/{rel}","templated":true}]}}