{"id":23952,"date":"2026-04-27T06:00:00","date_gmt":"2026-04-27T04:00:00","guid":{"rendered":"https:\/\/www.obispadodeibiza.es\/?p=23952"},"modified":"2026-04-24T11:41:44","modified_gmt":"2026-04-24T09:41:44","slug":"el-dia-3-festa-del-primer-diumenge-de-maig-a-santa-eularia","status":"publish","type":"post","link":"https:\/\/www.obispadodeibiza.es\/ca\/el-dia-3-festa-del-primer-diumenge-de-maig-a-santa-eularia\/","title":{"rendered":"EL DIA 3, FESTA DEL PRIMER\u00a0DIUMENGE\u00a0DE\u00a0MAIG\u00a0A SANTA EUL\u00c0RIA"},"content":{"rendered":"<style type=\"text\/css\"><\/style>\n<p><strong>Santa Eul\u00e0ria<\/strong> <strong>viur\u00e0 el diumenge 3 de maig<\/strong> la tradicional celebraci\u00f3 del <strong>Primer&nbsp;Diumenge&nbsp;de&nbsp;Maig<\/strong>. Entre altres activitats, a les 10 del mat\u00ed est\u00e0 previst el <strong>trasllat de la imatge de la Verge del Rosari<\/strong> des de la capella de la Nostra Senyora de Lourdes, al carrer de&nbsp;Sant&nbsp;Jaume, fins a l&#8217;esgl\u00e9sia parroquial de Santa Eul\u00e0ria, al Puig de&nbsp;Missa.<\/p>\n\n\n\n<p>Posteriorment, <strong>a les 11, s&#8217;oficiar\u00e0 la missa solemne de la jornada, presidida pel bisbe d&#8217;Eivissa, Mons. Vicent Ribas<\/strong>, i solemnitzada pel cor de Santa Eul\u00e0ria.<\/p>\n","protected":false},"excerpt":{"rendered":"<p>Santa Eul\u00e0ria viur\u00e0 el diumenge 3 de maig la tradicional celebraci\u00f3 del Primer&nbsp;Diumenge&nbsp;de&nbsp;Maig. Entre altres activitats, a les 10 del mat\u00ed est\u00e0 previst el trasllat de la imatge de la&#8230;<\/p>\n","protected":false},"author":4,"featured_media":23950,"comment_status":"closed","ping_status":"open","sticky":false,"template":"","format":"standard","meta":{"_monsterinsights_skip_tracking":false,"_monsterinsights_sitenote_active":false,"_monsterinsights_sitenote_note":"","_monsterinsights_sitenote_category":0,"footnotes":""},"categories":[7,135],"tags":[],"class_list":["post-23952","post","type-post","status-publish","format-standard","has-post-thumbnail","hentry","category-noticias","category-noticies"],"yoast_head":"<!-- This site is optimized with the Yoast SEO plugin v27.2 - https:\/\/yoast.com\/product\/yoast-seo-wordpress\/ -->\n<title>EL DIA 3, FESTA DEL PRIMER\u00a0DIUMENGE\u00a0DE\u00a0MAIG\u00a0A SANTA EUL\u00c0RIA - Obispado de Ibiza<\/title>\n<meta name=\"robots\" content=\"index, follow, max-snippet:-1, max-image-preview:large, max-video-preview:-1\" \/>\n<link rel=\"canonical\" href=\"https:\/\/www.obispadodeibiza.es\/ca\/el-dia-3-festa-del-primer-diumenge-de-maig-a-santa-eularia\/\" \/>\n<meta property=\"og:locale\" content=\"ca_ES\" \/>\n<meta property=\"og:type\" content=\"article\" \/>\n<meta property=\"og:title\" content=\"EL DIA 3, FESTA DEL PRIMER\u00a0DIUMENGE\u00a0DE\u00a0MAIG\u00a0A SANTA EUL\u00c0RIA - Obispado de Ibiza\" \/>\n<meta property=\"og:description\" content=\"Santa Eul\u00e0ria viur\u00e0 el diumenge 3 de maig la tradicional celebraci\u00f3 del Primer&nbsp;Diumenge&nbsp;de&nbsp;Maig. Entre altres activitats, a les 10 del mat\u00ed est\u00e0 previst el trasllat de la imatge de la...\" \/>\n<meta property=\"og:url\" content=\"https:\/\/www.obispadodeibiza.es\/ca\/el-dia-3-festa-del-primer-diumenge-de-maig-a-santa-eularia\/\" \/>\n<meta property=\"og:site_name\" content=\"Obispado de Ibiza\" \/>\n<meta property=\"article:published_time\" content=\"2026-04-27T04:00:00+00:00\" \/>\n<meta property=\"og:image\" content=\"https:\/\/www.obispadodeibiza.es\/wp-content\/uploads\/2026\/04\/SantaEularia.jpg\" \/>\n\t<meta property=\"og:image:width\" content=\"860\" \/>\n\t<meta property=\"og:image:height\" content=\"645\" \/>\n\t<meta property=\"og:image:type\" content=\"image\/jpeg\" \/>\n<meta name=\"author\" content=\"comunicacion\" \/>\n<meta name=\"twitter:card\" content=\"summary_large_image\" \/>\n<meta name=\"twitter:label1\" content=\"Escrit per\" \/>\n\t<meta name=\"twitter:data1\" content=\"comunicacion\" \/>\n\t<meta name=\"twitter:label2\" content=\"Temps estimat de lectura\" \/>\n\t<meta name=\"twitter:data2\" content=\"1 minut\" \/>\n<script type=\"application\/ld+json\" class=\"yoast-schema-graph\">{\"@context\":\"https:\/\/schema.org\",\"@graph\":[{\"@type\":\"Article\",\"@id\":\"https:\/\/www.obispadodeibiza.es\/ca\/el-dia-3-festa-del-primer-diumenge-de-maig-a-santa-eularia\/#article\",\"isPartOf\":{\"@id\":\"https:\/\/www.obispadodeibiza.es\/ca\/el-dia-3-festa-del-primer-diumenge-de-maig-a-santa-eularia\/\"},\"author\":{\"name\":\"comunicacion\",\"@id\":\"https:\/\/www.obispadodeibiza.es\/ca\/#\/schema\/person\/e12423e229abea83411444918084d011\"},\"headline\":\"EL DIA 3, FESTA DEL PRIMER\u00a0DIUMENGE\u00a0DE\u00a0MAIG\u00a0A SANTA EUL\u00c0RIA\",\"datePublished\":\"2026-04-27T04:00:00+00:00\",\"mainEntityOfPage\":{\"@id\":\"https:\/\/www.obispadodeibiza.es\/ca\/el-dia-3-festa-del-primer-diumenge-de-maig-a-santa-eularia\/\"},\"wordCount\":109,\"publisher\":{\"@id\":\"https:\/\/www.obispadodeibiza.es\/ca\/#organization\"},\"image\":{\"@id\":\"https:\/\/www.obispadodeibiza.es\/ca\/el-dia-3-festa-del-primer-diumenge-de-maig-a-santa-eularia\/#primaryimage\"},\"thumbnailUrl\":\"https:\/\/www.obispadodeibiza.es\/wp-content\/uploads\/2026\/04\/SantaEularia.jpg\",\"articleSection\":[\"Noticias\",\"Not\u00edcies\"],\"inLanguage\":\"ca\"},{\"@type\":\"WebPage\",\"@id\":\"https:\/\/www.obispadodeibiza.es\/ca\/el-dia-3-festa-del-primer-diumenge-de-maig-a-santa-eularia\/\",\"url\":\"https:\/\/www.obispadodeibiza.es\/ca\/el-dia-3-festa-del-primer-diumenge-de-maig-a-santa-eularia\/\",\"name\":\"EL DIA 3, FESTA DEL PRIMER\u00a0DIUMENGE\u00a0DE\u00a0MAIG\u00a0A SANTA EUL\u00c0RIA - Obispado de Ibiza\",\"isPartOf\":{\"@id\":\"https:\/\/www.obispadodeibiza.es\/ca\/#website\"},\"primaryImageOfPage\":{\"@id\":\"https:\/\/www.obispadodeibiza.es\/ca\/el-dia-3-festa-del-primer-diumenge-de-maig-a-santa-eularia\/#primaryimage\"},\"image\":{\"@id\":\"https:\/\/www.obispadodeibiza.es\/ca\/el-dia-3-festa-del-primer-diumenge-de-maig-a-santa-eularia\/#primaryimage\"},\"thumbnailUrl\":\"https:\/\/www.obispadodeibiza.es\/wp-content\/uploads\/2026\/04\/SantaEularia.jpg\",\"datePublished\":\"2026-04-27T04:00:00+00:00\",\"breadcrumb\":{\"@id\":\"https:\/\/www.obispadodeibiza.es\/ca\/el-dia-3-festa-del-primer-diumenge-de-maig-a-santa-eularia\/#breadcrumb\"},\"inLanguage\":\"ca\",\"potentialAction\":[{\"@type\":\"ReadAction\",\"target\":[\"https:\/\/www.obispadodeibiza.es\/ca\/el-dia-3-festa-del-primer-diumenge-de-maig-a-santa-eularia\/\"]}]},{\"@type\":\"ImageObject\",\"inLanguage\":\"ca\",\"@id\":\"https:\/\/www.obispadodeibiza.es\/ca\/el-dia-3-festa-del-primer-diumenge-de-maig-a-santa-eularia\/#primaryimage\",\"url\":\"https:\/\/www.obispadodeibiza.es\/wp-content\/uploads\/2026\/04\/SantaEularia.jpg\",\"contentUrl\":\"https:\/\/www.obispadodeibiza.es\/wp-content\/uploads\/2026\/04\/SantaEularia.jpg\",\"width\":860,\"height\":645},{\"@type\":\"BreadcrumbList\",\"@id\":\"https:\/\/www.obispadodeibiza.es\/ca\/el-dia-3-festa-del-primer-diumenge-de-maig-a-santa-eularia\/#breadcrumb\",\"itemListElement\":[{\"@type\":\"ListItem\",\"position\":1,\"name\":\"Home\",\"item\":\"https:\/\/www.obispadodeibiza.es\/ca\/?page_id=23429\"},{\"@type\":\"ListItem\",\"position\":2,\"name\":\"EL DIA 3, FESTA DEL PRIMER\u00a0DIUMENGE\u00a0DE\u00a0MAIG\u00a0A SANTA EUL\u00c0RIA\"}]},{\"@type\":\"WebSite\",\"@id\":\"https:\/\/www.obispadodeibiza.es\/ca\/#website\",\"url\":\"https:\/\/www.obispadodeibiza.es\/ca\/\",\"name\":\"Obispado de Ibiza\",\"description\":\"Web Oficial de la Di\u00f3cesis de Ibiza\",\"publisher\":{\"@id\":\"https:\/\/www.obispadodeibiza.es\/ca\/#organization\"},\"potentialAction\":[{\"@type\":\"SearchAction\",\"target\":{\"@type\":\"EntryPoint\",\"urlTemplate\":\"https:\/\/www.obispadodeibiza.es\/ca\/?s={search_term_string}\"},\"query-input\":{\"@type\":\"PropertyValueSpecification\",\"valueRequired\":true,\"valueName\":\"search_term_string\"}}],\"inLanguage\":\"ca\"},{\"@type\":\"Organization\",\"@id\":\"https:\/\/www.obispadodeibiza.es\/ca\/#organization\",\"name\":\"Obispado de Ibiza\",\"url\":\"https:\/\/www.obispadodeibiza.es\/ca\/\",\"logo\":{\"@type\":\"ImageObject\",\"inLanguage\":\"ca\",\"@id\":\"https:\/\/www.obispadodeibiza.es\/ca\/#\/schema\/logo\/image\/\",\"url\":\"https:\/\/www.obispadodeibiza.es\/wp-content\/uploads\/2021\/03\/logo-bisbat-eivissa-color.png\",\"contentUrl\":\"https:\/\/www.obispadodeibiza.es\/wp-content\/uploads\/2021\/03\/logo-bisbat-eivissa-color.png\",\"width\":1739,\"height\":1544,\"caption\":\"Obispado de Ibiza\"},\"image\":{\"@id\":\"https:\/\/www.obispadodeibiza.es\/ca\/#\/schema\/logo\/image\/\"}},{\"@type\":\"Person\",\"@id\":\"https:\/\/www.obispadodeibiza.es\/ca\/#\/schema\/person\/e12423e229abea83411444918084d011\",\"name\":\"comunicacion\",\"sameAs\":[\"sbq-ibiza\"],\"url\":\"https:\/\/www.obispadodeibiza.es\/ca\/author\/comunicacion\/\"}]}<\/script>\n<!-- \/ Yoast SEO plugin. -->","yoast_head_json":{"title":"EL DIA 3, FESTA DEL PRIMER\u00a0DIUMENGE\u00a0DE\u00a0MAIG\u00a0A SANTA EUL\u00c0RIA - Obispado de Ibiza","robots":{"index":"index","follow":"follow","max-snippet":"max-snippet:-1","max-image-preview":"max-image-preview:large","max-video-preview":"max-video-preview:-1"},"canonical":"https:\/\/www.obispadodeibiza.es\/ca\/el-dia-3-festa-del-primer-diumenge-de-maig-a-santa-eularia\/","og_locale":"ca_ES","og_type":"article","og_title":"EL DIA 3, FESTA DEL PRIMER\u00a0DIUMENGE\u00a0DE\u00a0MAIG\u00a0A SANTA EUL\u00c0RIA - Obispado de Ibiza","og_description":"Santa Eul\u00e0ria viur\u00e0 el diumenge 3 de maig la tradicional celebraci\u00f3 del Primer&nbsp;Diumenge&nbsp;de&nbsp;Maig. Entre altres activitats, a les 10 del mat\u00ed est\u00e0 previst el trasllat de la imatge de la...","og_url":"https:\/\/www.obispadodeibiza.es\/ca\/el-dia-3-festa-del-primer-diumenge-de-maig-a-santa-eularia\/","og_site_name":"Obispado de Ibiza","article_published_time":"2026-04-27T04:00:00+00:00","og_image":[{"width":860,"height":645,"url":"https:\/\/www.obispadodeibiza.es\/wp-content\/uploads\/2026\/04\/SantaEularia.jpg","type":"image\/jpeg"}],"author":"comunicacion","twitter_card":"summary_large_image","twitter_misc":{"Escrit per":"comunicacion","Temps estimat de lectura":"1 minut"},"schema":{"@context":"https:\/\/schema.org","@graph":[{"@type":"Article","@id":"https:\/\/www.obispadodeibiza.es\/ca\/el-dia-3-festa-del-primer-diumenge-de-maig-a-santa-eularia\/#article","isPartOf":{"@id":"https:\/\/www.obispadodeibiza.es\/ca\/el-dia-3-festa-del-primer-diumenge-de-maig-a-santa-eularia\/"},"author":{"name":"comunicacion","@id":"https:\/\/www.obispadodeibiza.es\/ca\/#\/schema\/person\/e12423e229abea83411444918084d011"},"headline":"EL DIA 3, FESTA DEL PRIMER\u00a0DIUMENGE\u00a0DE\u00a0MAIG\u00a0A SANTA EUL\u00c0RIA","datePublished":"2026-04-27T04:00:00+00:00","mainEntityOfPage":{"@id":"https:\/\/www.obispadodeibiza.es\/ca\/el-dia-3-festa-del-primer-diumenge-de-maig-a-santa-eularia\/"},"wordCount":109,"publisher":{"@id":"https:\/\/www.obispadodeibiza.es\/ca\/#organization"},"image":{"@id":"https:\/\/www.obispadodeibiza.es\/ca\/el-dia-3-festa-del-primer-diumenge-de-maig-a-santa-eularia\/#primaryimage"},"thumbnailUrl":"https:\/\/www.obispadodeibiza.es\/wp-content\/uploads\/2026\/04\/SantaEularia.jpg","articleSection":["Noticias","Not\u00edcies"],"inLanguage":"ca"},{"@type":"WebPage","@id":"https:\/\/www.obispadodeibiza.es\/ca\/el-dia-3-festa-del-primer-diumenge-de-maig-a-santa-eularia\/","url":"https:\/\/www.obispadodeibiza.es\/ca\/el-dia-3-festa-del-primer-diumenge-de-maig-a-santa-eularia\/","name":"EL DIA 3, FESTA DEL PRIMER\u00a0DIUMENGE\u00a0DE\u00a0MAIG\u00a0A SANTA EUL\u00c0RIA - Obispado de Ibiza","isPartOf":{"@id":"https:\/\/www.obispadodeibiza.es\/ca\/#website"},"primaryImageOfPage":{"@id":"https:\/\/www.obispadodeibiza.es\/ca\/el-dia-3-festa-del-primer-diumenge-de-maig-a-santa-eularia\/#primaryimage"},"image":{"@id":"https:\/\/www.obispadodeibiza.es\/ca\/el-dia-3-festa-del-primer-diumenge-de-maig-a-santa-eularia\/#primaryimage"},"thumbnailUrl":"https:\/\/www.obispadodeibiza.es\/wp-content\/uploads\/2026\/04\/SantaEularia.jpg","datePublished":"2026-04-27T04:00:00+00:00","breadcrumb":{"@id":"https:\/\/www.obispadodeibiza.es\/ca\/el-dia-3-festa-del-primer-diumenge-de-maig-a-santa-eularia\/#breadcrumb"},"inLanguage":"ca","potentialAction":[{"@type":"ReadAction","target":["https:\/\/www.obispadodeibiza.es\/ca\/el-dia-3-festa-del-primer-diumenge-de-maig-a-santa-eularia\/"]}]},{"@type":"ImageObject","inLanguage":"ca","@id":"https:\/\/www.obispadodeibiza.es\/ca\/el-dia-3-festa-del-primer-diumenge-de-maig-a-santa-eularia\/#primaryimage","url":"https:\/\/www.obispadodeibiza.es\/wp-content\/uploads\/2026\/04\/SantaEularia.jpg","contentUrl":"https:\/\/www.obispadodeibiza.es\/wp-content\/uploads\/2026\/04\/SantaEularia.jpg","width":860,"height":645},{"@type":"BreadcrumbList","@id":"https:\/\/www.obispadodeibiza.es\/ca\/el-dia-3-festa-del-primer-diumenge-de-maig-a-santa-eularia\/#breadcrumb","itemListElement":[{"@type":"ListItem","position":1,"name":"Home","item":"https:\/\/www.obispadodeibiza.es\/ca\/?page_id=23429"},{"@type":"ListItem","position":2,"name":"EL DIA 3, FESTA DEL PRIMER\u00a0DIUMENGE\u00a0DE\u00a0MAIG\u00a0A SANTA EUL\u00c0RIA"}]},{"@type":"WebSite","@id":"https:\/\/www.obispadodeibiza.es\/ca\/#website","url":"https:\/\/www.obispadodeibiza.es\/ca\/","name":"Obispado de Ibiza","description":"Web Oficial de la Di\u00f3cesis de Ibiza","publisher":{"@id":"https:\/\/www.obispadodeibiza.es\/ca\/#organization"},"potentialAction":[{"@type":"SearchAction","target":{"@type":"EntryPoint","urlTemplate":"https:\/\/www.obispadodeibiza.es\/ca\/?s={search_term_string}"},"query-input":{"@type":"PropertyValueSpecification","valueRequired":true,"valueName":"search_term_string"}}],"inLanguage":"ca"},{"@type":"Organization","@id":"https:\/\/www.obispadodeibiza.es\/ca\/#organization","name":"Obispado de Ibiza","url":"https:\/\/www.obispadodeibiza.es\/ca\/","logo":{"@type":"ImageObject","inLanguage":"ca","@id":"https:\/\/www.obispadodeibiza.es\/ca\/#\/schema\/logo\/image\/","url":"https:\/\/www.obispadodeibiza.es\/wp-content\/uploads\/2021\/03\/logo-bisbat-eivissa-color.png","contentUrl":"https:\/\/www.obispadodeibiza.es\/wp-content\/uploads\/2021\/03\/logo-bisbat-eivissa-color.png","width":1739,"height":1544,"caption":"Obispado de Ibiza"},"image":{"@id":"https:\/\/www.obispadodeibiza.es\/ca\/#\/schema\/logo\/image\/"}},{"@type":"Person","@id":"https:\/\/www.obispadodeibiza.es\/ca\/#\/schema\/person\/e12423e229abea83411444918084d011","name":"comunicacion","sameAs":["sbq-ibiza"],"url":"https:\/\/www.obispadodeibiza.es\/ca\/author\/comunicacion\/"}]}},"_links":{"self":[{"href":"https:\/\/www.obispadodeibiza.es\/ca\/wp-json\/wp\/v2\/posts\/23952","targetHints":{"allow":["GET"]}}],"collection":[{"href":"https:\/\/www.obispadodeibiza.es\/ca\/wp-json\/wp\/v2\/posts"}],"about":[{"href":"https:\/\/www.obispadodeibiza.es\/ca\/wp-json\/wp\/v2\/types\/post"}],"author":[{"embeddable":true,"href":"https:\/\/www.obispadodeibiza.es\/ca\/wp-json\/wp\/v2\/users\/4"}],"replies":[{"embeddable":true,"href":"https:\/\/www.obispadodeibiza.es\/ca\/wp-json\/wp\/v2\/comments?post=23952"}],"version-history":[{"count":1,"href":"https:\/\/www.obispadodeibiza.es\/ca\/wp-json\/wp\/v2\/posts\/23952\/revisions"}],"predecessor-version":[{"id":23953,"href":"https:\/\/www.obispadodeibiza.es\/ca\/wp-json\/wp\/v2\/posts\/23952\/revisions\/23953"}],"wp:featuredmedia":[{"embeddable":true,"href":"https:\/\/www.obispadodeibiza.es\/ca\/wp-json\/wp\/v2\/media\/23950"}],"wp:attachment":[{"href":"https:\/\/www.obispadodeibiza.es\/ca\/wp-json\/wp\/v2\/media?parent=23952"}],"wp:term":[{"taxonomy":"category","embeddable":true,"href":"https:\/\/www.obispadodeibiza.es\/ca\/wp-json\/wp\/v2\/categories?post=23952"},{"taxonomy":"post_tag","embeddable":true,"href":"https:\/\/www.obispadodeibiza.es\/ca\/wp-json\/wp\/v2\/tags?post=23952"}],"curies":[{"name":"wp","href":"https:\/\/api.w.org\/{rel}","templated":true}]}}