{"id":23988,"date":"2026-04-29T06:00:00","date_gmt":"2026-04-29T04:00:00","guid":{"rendered":"https:\/\/www.obispadodeibiza.es\/?p=23988"},"modified":"2026-04-26T13:48:32","modified_gmt":"2026-04-26T11:48:32","slug":"linies-pastorals-dels-bisbes-espanyols-fins-a-2030poseu-vos-en-cami-lc-103","status":"publish","type":"post","link":"https:\/\/www.obispadodeibiza.es\/ca\/linies-pastorals-dels-bisbes-espanyols-fins-a-2030poseu-vos-en-cami-lc-103\/","title":{"rendered":"L\u00cdNIES PASTORALS DELS BISBES ESPANYOLS FINS A 2030\u00abPOSEU-VOS EN CAM\u00cd\u00bb (LC\u00a010,3)"},"content":{"rendered":"<style type=\"text\/css\"><\/style>\n<p><strong>\u00abPosau-vos en cam\u00ed\u00bb (Lc&nbsp;10,3)<\/strong> \u00e9s el t\u00edtol que encap\u00e7ala les <strong>L\u00ednies pastorals<\/strong> que marcaran la feina de la <strong>Confer\u00e8ncia Episcopal Espanyola (CEE)<\/strong> durant el <strong>quadrienni 2026-20230<\/strong>. El text va ser aprovat per la 128 Assemblea Plen\u00e0ria dels bisbes que es va celebrar a Madrid del 18 al 21 de novembre de 2025, per\u00f2 es va delegar en la Permanent de febrer la seva aprovaci\u00f3 definitiva.<\/p>\n\n\n\n<p><strong>Aquestes L\u00ednies pastorals<\/strong>, que es posen en marxa l&#8217;any en qu\u00e8 la CEE commemora el 60 aniversari de la seva fundaci\u00f3, \u00e9s el <strong>fruit del di\u00e0leg i del discerniment col\u00b7legial, en el qual, a m\u00e9s dels bisbes, han participat els secretariats de les diverses comissions episcopals<\/strong>.<\/p>\n\n\n\n<p>Despr\u00e9s d&#8217;un exercici de \u00abconversa en l&#8217;Esperit\u00bb entre els bisbes reunits en dotze grups de treball, es va elaborar un primer esb\u00f3s del text, al qual despr\u00e9s se li ha dedicat temps de reflexi\u00f3 en diverses reunions de la Comissi\u00f3 Permanent i en dues Assemblees Plen\u00e0ries.<\/p>\n\n\n\n<div class=\"wp-block-buttons is-content-justification-center is-layout-flex wp-container-core-buttons-is-layout-16018d1d wp-block-buttons-is-layout-flex\">\n<div class=\"wp-block-button\"><a class=\"wp-block-button__link wp-element-button\" href=\"https:\/\/www.conferenciaepiscopal.es\/wp-content\/uploads\/2026\/04\/PONEOS-EN-CAMINO-LINEAS-PASTORALES-2026-2030.pdf\">descarregar l\u00ednies pastorals de la confer\u00e8ncia episcopal<\/a><\/div>\n<\/div>\n\n\n\n<p>Des de l&#8217;any 1983 es venen elaborant orientacions, l\u00ednies o plans pastorals amb la finalitat d&#8217;establir criteris pastorals comuns per a l&#8217;Esgl\u00e9sia a Espanya, respectant la idiosincr\u00e0sia i autonomia de les esgl\u00e9sies particulars, com s&#8217;explica en la presentaci\u00f3.<\/p>\n\n\n\n<p><strong>La visita de sant Joan Pau II a Espanya en 1982 va impulsar el primer d&#8217;aquests documents<\/strong>: \u2018La visita del Papa i el servei de la fe del nostre poble (1983-1986)\u2019. <strong>A aquest li han seguit nou textos m\u00e9s<\/strong>, al llarg d&#8217;aquests anys, que han ajudat l&#8217;episcopat espanyol a reflexionar i discernir sobre l&#8217;evangelitzaci\u00f3, aix\u00ed com a la programaci\u00f3 de les activitats pr\u00f2pies de les comissions episcopals i altres organismes de la CEE.<\/p>\n\n\n\n<p>La <strong>crida a la nova evangelitzaci\u00f3 ha estat acollida en els diversos plans, com els seus mateixos t\u00edtols indiquen<\/strong>: \u2018Anunciar a Jesucrist amb obres i paraules (1987-1990)\u2019; \u2018Impulsar una nova evangelitzaci\u00f3 (1990-1993)\u2019; \u2018Perqu\u00e8 el m\u00f3n crea (1994-1997)\u2019; \u2018Proclamar l&#8217;any de gr\u00e0cia del Senyor (1997-2000)\u2019; \u2018Una Esgl\u00e9sia esperan\u00e7ada \u00abMar endins!\u00bb (2002-2005)\u2019; \u2018Jo soc el pa de vida (2006-2010)\u2019; \u2018La nova evangelitzaci\u00f3 des de la Paraula de D\u00e9u. \u00abPer la teva paraula tirar\u00e9 les xarxes\u00bb (2011-2015)\u2019; \u2018Esgl\u00e9sia en missi\u00f3 al servei del nostre poble (2016-2020)\u2019 i \u2018Fidels a l&#8217;enviament missioner (2021-2025)\u2019.<\/p>\n\n\n\n<p><\/p>\n","protected":false},"excerpt":{"rendered":"<p>\u00abPosau-vos en cam\u00ed\u00bb (Lc&nbsp;10,3) \u00e9s el t\u00edtol que encap\u00e7ala les L\u00ednies pastorals que marcaran la feina de la Confer\u00e8ncia Episcopal Espanyola (CEE) durant el quadrienni 2026-20230. El text va ser&#8230;<\/p>\n","protected":false},"author":4,"featured_media":23986,"comment_status":"closed","ping_status":"open","sticky":false,"template":"","format":"standard","meta":{"_monsterinsights_skip_tracking":false,"_monsterinsights_sitenote_active":false,"_monsterinsights_sitenote_note":"","_monsterinsights_sitenote_category":0,"footnotes":""},"categories":[105,135],"tags":[],"class_list":["post-23988","post","type-post","status-publish","format-standard","has-post-thumbnail","hentry","category-noticias-ca","category-noticies"],"yoast_head":"<!-- This site is optimized with the Yoast SEO plugin v27.2 - https:\/\/yoast.com\/product\/yoast-seo-wordpress\/ -->\n<title>L\u00cdNIES PASTORALS DELS BISBES ESPANYOLS FINS A 2030\u00abPOSEU-VOS EN CAM\u00cd\u00bb (LC\u00a010,3) - Obispado de Ibiza<\/title>\n<meta name=\"robots\" content=\"index, follow, max-snippet:-1, max-image-preview:large, max-video-preview:-1\" \/>\n<link rel=\"canonical\" href=\"https:\/\/www.obispadodeibiza.es\/ca\/linies-pastorals-dels-bisbes-espanyols-fins-a-2030poseu-vos-en-cami-lc-103\/\" \/>\n<meta property=\"og:locale\" content=\"ca_ES\" \/>\n<meta property=\"og:type\" content=\"article\" \/>\n<meta property=\"og:title\" content=\"L\u00cdNIES PASTORALS DELS BISBES ESPANYOLS FINS A 2030\u00abPOSEU-VOS EN CAM\u00cd\u00bb (LC\u00a010,3) - Obispado de Ibiza\" \/>\n<meta property=\"og:description\" content=\"\u00abPosau-vos en cam\u00ed\u00bb (Lc&nbsp;10,3) \u00e9s el t\u00edtol que encap\u00e7ala les L\u00ednies pastorals que marcaran la feina de la Confer\u00e8ncia Episcopal Espanyola (CEE) durant el quadrienni 2026-20230. El text va ser...\" \/>\n<meta property=\"og:url\" content=\"https:\/\/www.obispadodeibiza.es\/ca\/linies-pastorals-dels-bisbes-espanyols-fins-a-2030poseu-vos-en-cami-lc-103\/\" \/>\n<meta property=\"og:site_name\" content=\"Obispado de Ibiza\" \/>\n<meta property=\"article:published_time\" content=\"2026-04-29T04:00:00+00:00\" \/>\n<meta property=\"og:image\" content=\"https:\/\/www.obispadodeibiza.es\/wp-content\/uploads\/2026\/04\/16.jpg\" \/>\n\t<meta property=\"og:image:width\" content=\"860\" \/>\n\t<meta property=\"og:image:height\" content=\"645\" \/>\n\t<meta property=\"og:image:type\" content=\"image\/jpeg\" \/>\n<meta name=\"author\" content=\"comunicacion\" \/>\n<meta name=\"twitter:card\" content=\"summary_large_image\" \/>\n<meta name=\"twitter:label1\" content=\"Escrit per\" \/>\n\t<meta name=\"twitter:data1\" content=\"comunicacion\" \/>\n\t<meta name=\"twitter:label2\" content=\"Temps estimat de lectura\" \/>\n\t<meta name=\"twitter:data2\" content=\"2 minuts\" \/>\n<script type=\"application\/ld+json\" class=\"yoast-schema-graph\">{\"@context\":\"https:\/\/schema.org\",\"@graph\":[{\"@type\":\"Article\",\"@id\":\"https:\/\/www.obispadodeibiza.es\/ca\/linies-pastorals-dels-bisbes-espanyols-fins-a-2030poseu-vos-en-cami-lc-103\/#article\",\"isPartOf\":{\"@id\":\"https:\/\/www.obispadodeibiza.es\/ca\/linies-pastorals-dels-bisbes-espanyols-fins-a-2030poseu-vos-en-cami-lc-103\/\"},\"author\":{\"name\":\"comunicacion\",\"@id\":\"https:\/\/www.obispadodeibiza.es\/ca\/#\/schema\/person\/e12423e229abea83411444918084d011\"},\"headline\":\"L\u00cdNIES PASTORALS DELS BISBES ESPANYOLS FINS A 2030\u00abPOSEU-VOS EN CAM\u00cd\u00bb (LC\u00a010,3)\",\"datePublished\":\"2026-04-29T04:00:00+00:00\",\"mainEntityOfPage\":{\"@id\":\"https:\/\/www.obispadodeibiza.es\/ca\/linies-pastorals-dels-bisbes-espanyols-fins-a-2030poseu-vos-en-cami-lc-103\/\"},\"wordCount\":411,\"publisher\":{\"@id\":\"https:\/\/www.obispadodeibiza.es\/ca\/#organization\"},\"image\":{\"@id\":\"https:\/\/www.obispadodeibiza.es\/ca\/linies-pastorals-dels-bisbes-espanyols-fins-a-2030poseu-vos-en-cami-lc-103\/#primaryimage\"},\"thumbnailUrl\":\"https:\/\/www.obispadodeibiza.es\/wp-content\/uploads\/2026\/04\/16.jpg\",\"articleSection\":[\"Noticias\",\"Not\u00edcies\"],\"inLanguage\":\"ca\"},{\"@type\":\"WebPage\",\"@id\":\"https:\/\/www.obispadodeibiza.es\/ca\/linies-pastorals-dels-bisbes-espanyols-fins-a-2030poseu-vos-en-cami-lc-103\/\",\"url\":\"https:\/\/www.obispadodeibiza.es\/ca\/linies-pastorals-dels-bisbes-espanyols-fins-a-2030poseu-vos-en-cami-lc-103\/\",\"name\":\"L\u00cdNIES PASTORALS DELS BISBES ESPANYOLS FINS A 2030\u00abPOSEU-VOS EN CAM\u00cd\u00bb (LC\u00a010,3) - Obispado de Ibiza\",\"isPartOf\":{\"@id\":\"https:\/\/www.obispadodeibiza.es\/ca\/#website\"},\"primaryImageOfPage\":{\"@id\":\"https:\/\/www.obispadodeibiza.es\/ca\/linies-pastorals-dels-bisbes-espanyols-fins-a-2030poseu-vos-en-cami-lc-103\/#primaryimage\"},\"image\":{\"@id\":\"https:\/\/www.obispadodeibiza.es\/ca\/linies-pastorals-dels-bisbes-espanyols-fins-a-2030poseu-vos-en-cami-lc-103\/#primaryimage\"},\"thumbnailUrl\":\"https:\/\/www.obispadodeibiza.es\/wp-content\/uploads\/2026\/04\/16.jpg\",\"datePublished\":\"2026-04-29T04:00:00+00:00\",\"breadcrumb\":{\"@id\":\"https:\/\/www.obispadodeibiza.es\/ca\/linies-pastorals-dels-bisbes-espanyols-fins-a-2030poseu-vos-en-cami-lc-103\/#breadcrumb\"},\"inLanguage\":\"ca\",\"potentialAction\":[{\"@type\":\"ReadAction\",\"target\":[\"https:\/\/www.obispadodeibiza.es\/ca\/linies-pastorals-dels-bisbes-espanyols-fins-a-2030poseu-vos-en-cami-lc-103\/\"]}]},{\"@type\":\"ImageObject\",\"inLanguage\":\"ca\",\"@id\":\"https:\/\/www.obispadodeibiza.es\/ca\/linies-pastorals-dels-bisbes-espanyols-fins-a-2030poseu-vos-en-cami-lc-103\/#primaryimage\",\"url\":\"https:\/\/www.obispadodeibiza.es\/wp-content\/uploads\/2026\/04\/16.jpg\",\"contentUrl\":\"https:\/\/www.obispadodeibiza.es\/wp-content\/uploads\/2026\/04\/16.jpg\",\"width\":860,\"height\":645},{\"@type\":\"BreadcrumbList\",\"@id\":\"https:\/\/www.obispadodeibiza.es\/ca\/linies-pastorals-dels-bisbes-espanyols-fins-a-2030poseu-vos-en-cami-lc-103\/#breadcrumb\",\"itemListElement\":[{\"@type\":\"ListItem\",\"position\":1,\"name\":\"Home\",\"item\":\"https:\/\/www.obispadodeibiza.es\/ca\/?page_id=23429\"},{\"@type\":\"ListItem\",\"position\":2,\"name\":\"L\u00cdNIES PASTORALS DELS BISBES ESPANYOLS FINS A 2030\u00abPOSEU-VOS EN CAM\u00cd\u00bb (LC\u00a010,3)\"}]},{\"@type\":\"WebSite\",\"@id\":\"https:\/\/www.obispadodeibiza.es\/ca\/#website\",\"url\":\"https:\/\/www.obispadodeibiza.es\/ca\/\",\"name\":\"Obispado de Ibiza\",\"description\":\"Web Oficial de la Di\u00f3cesis de Ibiza\",\"publisher\":{\"@id\":\"https:\/\/www.obispadodeibiza.es\/ca\/#organization\"},\"potentialAction\":[{\"@type\":\"SearchAction\",\"target\":{\"@type\":\"EntryPoint\",\"urlTemplate\":\"https:\/\/www.obispadodeibiza.es\/ca\/?s={search_term_string}\"},\"query-input\":{\"@type\":\"PropertyValueSpecification\",\"valueRequired\":true,\"valueName\":\"search_term_string\"}}],\"inLanguage\":\"ca\"},{\"@type\":\"Organization\",\"@id\":\"https:\/\/www.obispadodeibiza.es\/ca\/#organization\",\"name\":\"Obispado de Ibiza\",\"url\":\"https:\/\/www.obispadodeibiza.es\/ca\/\",\"logo\":{\"@type\":\"ImageObject\",\"inLanguage\":\"ca\",\"@id\":\"https:\/\/www.obispadodeibiza.es\/ca\/#\/schema\/logo\/image\/\",\"url\":\"https:\/\/www.obispadodeibiza.es\/wp-content\/uploads\/2021\/03\/logo-bisbat-eivissa-color.png\",\"contentUrl\":\"https:\/\/www.obispadodeibiza.es\/wp-content\/uploads\/2021\/03\/logo-bisbat-eivissa-color.png\",\"width\":1739,\"height\":1544,\"caption\":\"Obispado de Ibiza\"},\"image\":{\"@id\":\"https:\/\/www.obispadodeibiza.es\/ca\/#\/schema\/logo\/image\/\"}},{\"@type\":\"Person\",\"@id\":\"https:\/\/www.obispadodeibiza.es\/ca\/#\/schema\/person\/e12423e229abea83411444918084d011\",\"name\":\"comunicacion\",\"sameAs\":[\"sbq-ibiza\"],\"url\":\"https:\/\/www.obispadodeibiza.es\/ca\/author\/comunicacion\/\"}]}<\/script>\n<!-- \/ Yoast SEO plugin. -->","yoast_head_json":{"title":"L\u00cdNIES PASTORALS DELS BISBES ESPANYOLS FINS A 2030\u00abPOSEU-VOS EN CAM\u00cd\u00bb (LC\u00a010,3) - Obispado de Ibiza","robots":{"index":"index","follow":"follow","max-snippet":"max-snippet:-1","max-image-preview":"max-image-preview:large","max-video-preview":"max-video-preview:-1"},"canonical":"https:\/\/www.obispadodeibiza.es\/ca\/linies-pastorals-dels-bisbes-espanyols-fins-a-2030poseu-vos-en-cami-lc-103\/","og_locale":"ca_ES","og_type":"article","og_title":"L\u00cdNIES PASTORALS DELS BISBES ESPANYOLS FINS A 2030\u00abPOSEU-VOS EN CAM\u00cd\u00bb (LC\u00a010,3) - Obispado de Ibiza","og_description":"\u00abPosau-vos en cam\u00ed\u00bb (Lc&nbsp;10,3) \u00e9s el t\u00edtol que encap\u00e7ala les L\u00ednies pastorals que marcaran la feina de la Confer\u00e8ncia Episcopal Espanyola (CEE) durant el quadrienni 2026-20230. El text va ser...","og_url":"https:\/\/www.obispadodeibiza.es\/ca\/linies-pastorals-dels-bisbes-espanyols-fins-a-2030poseu-vos-en-cami-lc-103\/","og_site_name":"Obispado de Ibiza","article_published_time":"2026-04-29T04:00:00+00:00","og_image":[{"width":860,"height":645,"url":"https:\/\/www.obispadodeibiza.es\/wp-content\/uploads\/2026\/04\/16.jpg","type":"image\/jpeg"}],"author":"comunicacion","twitter_card":"summary_large_image","twitter_misc":{"Escrit per":"comunicacion","Temps estimat de lectura":"2 minuts"},"schema":{"@context":"https:\/\/schema.org","@graph":[{"@type":"Article","@id":"https:\/\/www.obispadodeibiza.es\/ca\/linies-pastorals-dels-bisbes-espanyols-fins-a-2030poseu-vos-en-cami-lc-103\/#article","isPartOf":{"@id":"https:\/\/www.obispadodeibiza.es\/ca\/linies-pastorals-dels-bisbes-espanyols-fins-a-2030poseu-vos-en-cami-lc-103\/"},"author":{"name":"comunicacion","@id":"https:\/\/www.obispadodeibiza.es\/ca\/#\/schema\/person\/e12423e229abea83411444918084d011"},"headline":"L\u00cdNIES PASTORALS DELS BISBES ESPANYOLS FINS A 2030\u00abPOSEU-VOS EN CAM\u00cd\u00bb (LC\u00a010,3)","datePublished":"2026-04-29T04:00:00+00:00","mainEntityOfPage":{"@id":"https:\/\/www.obispadodeibiza.es\/ca\/linies-pastorals-dels-bisbes-espanyols-fins-a-2030poseu-vos-en-cami-lc-103\/"},"wordCount":411,"publisher":{"@id":"https:\/\/www.obispadodeibiza.es\/ca\/#organization"},"image":{"@id":"https:\/\/www.obispadodeibiza.es\/ca\/linies-pastorals-dels-bisbes-espanyols-fins-a-2030poseu-vos-en-cami-lc-103\/#primaryimage"},"thumbnailUrl":"https:\/\/www.obispadodeibiza.es\/wp-content\/uploads\/2026\/04\/16.jpg","articleSection":["Noticias","Not\u00edcies"],"inLanguage":"ca"},{"@type":"WebPage","@id":"https:\/\/www.obispadodeibiza.es\/ca\/linies-pastorals-dels-bisbes-espanyols-fins-a-2030poseu-vos-en-cami-lc-103\/","url":"https:\/\/www.obispadodeibiza.es\/ca\/linies-pastorals-dels-bisbes-espanyols-fins-a-2030poseu-vos-en-cami-lc-103\/","name":"L\u00cdNIES PASTORALS DELS BISBES ESPANYOLS FINS A 2030\u00abPOSEU-VOS EN CAM\u00cd\u00bb (LC\u00a010,3) - Obispado de Ibiza","isPartOf":{"@id":"https:\/\/www.obispadodeibiza.es\/ca\/#website"},"primaryImageOfPage":{"@id":"https:\/\/www.obispadodeibiza.es\/ca\/linies-pastorals-dels-bisbes-espanyols-fins-a-2030poseu-vos-en-cami-lc-103\/#primaryimage"},"image":{"@id":"https:\/\/www.obispadodeibiza.es\/ca\/linies-pastorals-dels-bisbes-espanyols-fins-a-2030poseu-vos-en-cami-lc-103\/#primaryimage"},"thumbnailUrl":"https:\/\/www.obispadodeibiza.es\/wp-content\/uploads\/2026\/04\/16.jpg","datePublished":"2026-04-29T04:00:00+00:00","breadcrumb":{"@id":"https:\/\/www.obispadodeibiza.es\/ca\/linies-pastorals-dels-bisbes-espanyols-fins-a-2030poseu-vos-en-cami-lc-103\/#breadcrumb"},"inLanguage":"ca","potentialAction":[{"@type":"ReadAction","target":["https:\/\/www.obispadodeibiza.es\/ca\/linies-pastorals-dels-bisbes-espanyols-fins-a-2030poseu-vos-en-cami-lc-103\/"]}]},{"@type":"ImageObject","inLanguage":"ca","@id":"https:\/\/www.obispadodeibiza.es\/ca\/linies-pastorals-dels-bisbes-espanyols-fins-a-2030poseu-vos-en-cami-lc-103\/#primaryimage","url":"https:\/\/www.obispadodeibiza.es\/wp-content\/uploads\/2026\/04\/16.jpg","contentUrl":"https:\/\/www.obispadodeibiza.es\/wp-content\/uploads\/2026\/04\/16.jpg","width":860,"height":645},{"@type":"BreadcrumbList","@id":"https:\/\/www.obispadodeibiza.es\/ca\/linies-pastorals-dels-bisbes-espanyols-fins-a-2030poseu-vos-en-cami-lc-103\/#breadcrumb","itemListElement":[{"@type":"ListItem","position":1,"name":"Home","item":"https:\/\/www.obispadodeibiza.es\/ca\/?page_id=23429"},{"@type":"ListItem","position":2,"name":"L\u00cdNIES PASTORALS DELS BISBES ESPANYOLS FINS A 2030\u00abPOSEU-VOS EN CAM\u00cd\u00bb (LC\u00a010,3)"}]},{"@type":"WebSite","@id":"https:\/\/www.obispadodeibiza.es\/ca\/#website","url":"https:\/\/www.obispadodeibiza.es\/ca\/","name":"Obispado de Ibiza","description":"Web Oficial de la Di\u00f3cesis de Ibiza","publisher":{"@id":"https:\/\/www.obispadodeibiza.es\/ca\/#organization"},"potentialAction":[{"@type":"SearchAction","target":{"@type":"EntryPoint","urlTemplate":"https:\/\/www.obispadodeibiza.es\/ca\/?s={search_term_string}"},"query-input":{"@type":"PropertyValueSpecification","valueRequired":true,"valueName":"search_term_string"}}],"inLanguage":"ca"},{"@type":"Organization","@id":"https:\/\/www.obispadodeibiza.es\/ca\/#organization","name":"Obispado de Ibiza","url":"https:\/\/www.obispadodeibiza.es\/ca\/","logo":{"@type":"ImageObject","inLanguage":"ca","@id":"https:\/\/www.obispadodeibiza.es\/ca\/#\/schema\/logo\/image\/","url":"https:\/\/www.obispadodeibiza.es\/wp-content\/uploads\/2021\/03\/logo-bisbat-eivissa-color.png","contentUrl":"https:\/\/www.obispadodeibiza.es\/wp-content\/uploads\/2021\/03\/logo-bisbat-eivissa-color.png","width":1739,"height":1544,"caption":"Obispado de Ibiza"},"image":{"@id":"https:\/\/www.obispadodeibiza.es\/ca\/#\/schema\/logo\/image\/"}},{"@type":"Person","@id":"https:\/\/www.obispadodeibiza.es\/ca\/#\/schema\/person\/e12423e229abea83411444918084d011","name":"comunicacion","sameAs":["sbq-ibiza"],"url":"https:\/\/www.obispadodeibiza.es\/ca\/author\/comunicacion\/"}]}},"_links":{"self":[{"href":"https:\/\/www.obispadodeibiza.es\/ca\/wp-json\/wp\/v2\/posts\/23988","targetHints":{"allow":["GET"]}}],"collection":[{"href":"https:\/\/www.obispadodeibiza.es\/ca\/wp-json\/wp\/v2\/posts"}],"about":[{"href":"https:\/\/www.obispadodeibiza.es\/ca\/wp-json\/wp\/v2\/types\/post"}],"author":[{"embeddable":true,"href":"https:\/\/www.obispadodeibiza.es\/ca\/wp-json\/wp\/v2\/users\/4"}],"replies":[{"embeddable":true,"href":"https:\/\/www.obispadodeibiza.es\/ca\/wp-json\/wp\/v2\/comments?post=23988"}],"version-history":[{"count":2,"href":"https:\/\/www.obispadodeibiza.es\/ca\/wp-json\/wp\/v2\/posts\/23988\/revisions"}],"predecessor-version":[{"id":23990,"href":"https:\/\/www.obispadodeibiza.es\/ca\/wp-json\/wp\/v2\/posts\/23988\/revisions\/23990"}],"wp:featuredmedia":[{"embeddable":true,"href":"https:\/\/www.obispadodeibiza.es\/ca\/wp-json\/wp\/v2\/media\/23986"}],"wp:attachment":[{"href":"https:\/\/www.obispadodeibiza.es\/ca\/wp-json\/wp\/v2\/media?parent=23988"}],"wp:term":[{"taxonomy":"category","embeddable":true,"href":"https:\/\/www.obispadodeibiza.es\/ca\/wp-json\/wp\/v2\/categories?post=23988"},{"taxonomy":"post_tag","embeddable":true,"href":"https:\/\/www.obispadodeibiza.es\/ca\/wp-json\/wp\/v2\/tags?post=23988"}],"curies":[{"name":"wp","href":"https:\/\/api.w.org\/{rel}","templated":true}]}}