{"id":23998,"date":"2026-04-28T11:20:52","date_gmt":"2026-04-28T09:20:52","guid":{"rendered":"https:\/\/www.obispadodeibiza.es\/?p=23998"},"modified":"2026-04-28T11:29:21","modified_gmt":"2026-04-28T09:29:21","slug":"eddy-martin-gonzalez-nou-rector-in-solidum-de-la-parroquia-de-sant-pau","status":"publish","type":"post","link":"https:\/\/www.obispadodeibiza.es\/ca\/eddy-martin-gonzalez-nou-rector-in-solidum-de-la-parroquia-de-sant-pau\/","title":{"rendered":"EDDY MART\u00cdN GONZ\u00c1LEZ, NOU RECTOR \u2018IN\u00a0SOLIDUM\u2019\u00a0DE LA PARR\u00d2QUIA DE SANT PAU"},"content":{"rendered":"<style type=\"text\/css\"><\/style>\n<p>El capell\u00e0 <strong>Eddy Mart\u00edn Gonz\u00e1lez<\/strong>, ordenat el passat 11 d&#8217;abril, <strong>ha estat nomenat pel bisbe d&#8217;Eivissa, Mons. Vicent Ribas, rector \u2018in&nbsp;solidum\u2019&nbsp;i moderador de la parr\u00f2quia de Sant Pau<\/strong> de la ciutat d&#8217;Eivissa, on refor\u00e7ar\u00e0 la gesti\u00f3 del tamb\u00e9 rector Antonio Torres Mar\u00ed.<\/p>\n\n\n\n<p>La presa de possessi\u00f3 d&#8217;Eddy Mart\u00edn Gonz\u00e1lez a Sant Pau tindr\u00e0 lloc <strong>el dissabte 2 de maig, a les 19:30 hores<\/strong>, en una solemne cerim\u00f2nia que presidir\u00e0 Mons. Vicent Ribas i en la qual el nou rector rebr\u00e0 i assumir\u00e0 p\u00fablicament les responsabilitats de la parr\u00f2quia i ser\u00e0 presentat a la comunitat.<\/p>\n","protected":false},"excerpt":{"rendered":"<p>El capell\u00e0 Eddy Mart\u00edn Gonz\u00e1lez, ordenat el passat 11 d&#8217;abril, ha estat nomenat pel bisbe d&#8217;Eivissa, Mons. Vicent Ribas, rector \u2018in&nbsp;solidum\u2019&nbsp;i moderador de la parr\u00f2quia de Sant Pau de la&#8230;<\/p>\n","protected":false},"author":4,"featured_media":23996,"comment_status":"closed","ping_status":"open","sticky":false,"template":"","format":"standard","meta":{"_monsterinsights_skip_tracking":false,"_monsterinsights_sitenote_active":false,"_monsterinsights_sitenote_note":"","_monsterinsights_sitenote_category":0,"footnotes":""},"categories":[135],"tags":[],"class_list":["post-23998","post","type-post","status-publish","format-standard","has-post-thumbnail","hentry","category-noticies"],"yoast_head":"<!-- This site is optimized with the Yoast SEO plugin v27.2 - https:\/\/yoast.com\/product\/yoast-seo-wordpress\/ -->\n<title>EDDY MART\u00cdN GONZ\u00c1LEZ, NOU RECTOR \u2018IN\u00a0SOLIDUM\u2019\u00a0DE LA PARR\u00d2QUIA DE SANT PAU - Obispado de Ibiza<\/title>\n<meta name=\"robots\" content=\"index, follow, max-snippet:-1, max-image-preview:large, max-video-preview:-1\" \/>\n<link rel=\"canonical\" href=\"https:\/\/www.obispadodeibiza.es\/ca\/eddy-martin-gonzalez-nou-rector-in-solidum-de-la-parroquia-de-sant-pau\/\" \/>\n<meta property=\"og:locale\" content=\"ca_ES\" \/>\n<meta property=\"og:type\" content=\"article\" \/>\n<meta property=\"og:title\" content=\"EDDY MART\u00cdN GONZ\u00c1LEZ, NOU RECTOR \u2018IN\u00a0SOLIDUM\u2019\u00a0DE LA PARR\u00d2QUIA DE SANT PAU - Obispado de Ibiza\" \/>\n<meta property=\"og:description\" content=\"El capell\u00e0 Eddy Mart\u00edn Gonz\u00e1lez, ordenat el passat 11 d&#8217;abril, ha estat nomenat pel bisbe d&#8217;Eivissa, Mons. Vicent Ribas, rector \u2018in&nbsp;solidum\u2019&nbsp;i moderador de la parr\u00f2quia de Sant Pau de la...\" \/>\n<meta property=\"og:url\" content=\"https:\/\/www.obispadodeibiza.es\/ca\/eddy-martin-gonzalez-nou-rector-in-solidum-de-la-parroquia-de-sant-pau\/\" \/>\n<meta property=\"og:site_name\" content=\"Obispado de Ibiza\" \/>\n<meta property=\"article:published_time\" content=\"2026-04-28T09:20:52+00:00\" \/>\n<meta property=\"article:modified_time\" content=\"2026-04-28T09:29:21+00:00\" \/>\n<meta property=\"og:image\" content=\"https:\/\/www.obispadodeibiza.es\/wp-content\/uploads\/2026\/04\/Ordenacion_Eddy_Martin_Obispado_Ibiza.jpg\" \/>\n\t<meta property=\"og:image:width\" content=\"860\" \/>\n\t<meta property=\"og:image:height\" content=\"645\" \/>\n\t<meta property=\"og:image:type\" content=\"image\/jpeg\" \/>\n<meta name=\"author\" content=\"comunicacion\" \/>\n<meta name=\"twitter:card\" content=\"summary_large_image\" \/>\n<meta name=\"twitter:label1\" content=\"Escrit per\" \/>\n\t<meta name=\"twitter:data1\" content=\"comunicacion\" \/>\n\t<meta name=\"twitter:label2\" content=\"Temps estimat de lectura\" \/>\n\t<meta name=\"twitter:data2\" content=\"1 minut\" \/>\n<script type=\"application\/ld+json\" class=\"yoast-schema-graph\">{\"@context\":\"https:\/\/schema.org\",\"@graph\":[{\"@type\":\"Article\",\"@id\":\"https:\/\/www.obispadodeibiza.es\/ca\/eddy-martin-gonzalez-nou-rector-in-solidum-de-la-parroquia-de-sant-pau\/#article\",\"isPartOf\":{\"@id\":\"https:\/\/www.obispadodeibiza.es\/ca\/eddy-martin-gonzalez-nou-rector-in-solidum-de-la-parroquia-de-sant-pau\/\"},\"author\":{\"name\":\"comunicacion\",\"@id\":\"https:\/\/www.obispadodeibiza.es\/ca\/#\/schema\/person\/e12423e229abea83411444918084d011\"},\"headline\":\"EDDY MART\u00cdN GONZ\u00c1LEZ, NOU RECTOR \u2018IN\u00a0SOLIDUM\u2019\u00a0DE LA PARR\u00d2QUIA DE SANT PAU\",\"datePublished\":\"2026-04-28T09:20:52+00:00\",\"dateModified\":\"2026-04-28T09:29:21+00:00\",\"mainEntityOfPage\":{\"@id\":\"https:\/\/www.obispadodeibiza.es\/ca\/eddy-martin-gonzalez-nou-rector-in-solidum-de-la-parroquia-de-sant-pau\/\"},\"wordCount\":124,\"publisher\":{\"@id\":\"https:\/\/www.obispadodeibiza.es\/ca\/#organization\"},\"image\":{\"@id\":\"https:\/\/www.obispadodeibiza.es\/ca\/eddy-martin-gonzalez-nou-rector-in-solidum-de-la-parroquia-de-sant-pau\/#primaryimage\"},\"thumbnailUrl\":\"https:\/\/www.obispadodeibiza.es\/wp-content\/uploads\/2026\/04\/Ordenacion_Eddy_Martin_Obispado_Ibiza.jpg\",\"articleSection\":[\"Not\u00edcies\"],\"inLanguage\":\"ca\"},{\"@type\":\"WebPage\",\"@id\":\"https:\/\/www.obispadodeibiza.es\/ca\/eddy-martin-gonzalez-nou-rector-in-solidum-de-la-parroquia-de-sant-pau\/\",\"url\":\"https:\/\/www.obispadodeibiza.es\/ca\/eddy-martin-gonzalez-nou-rector-in-solidum-de-la-parroquia-de-sant-pau\/\",\"name\":\"EDDY MART\u00cdN GONZ\u00c1LEZ, NOU RECTOR \u2018IN\u00a0SOLIDUM\u2019\u00a0DE LA PARR\u00d2QUIA DE SANT PAU - Obispado de Ibiza\",\"isPartOf\":{\"@id\":\"https:\/\/www.obispadodeibiza.es\/ca\/#website\"},\"primaryImageOfPage\":{\"@id\":\"https:\/\/www.obispadodeibiza.es\/ca\/eddy-martin-gonzalez-nou-rector-in-solidum-de-la-parroquia-de-sant-pau\/#primaryimage\"},\"image\":{\"@id\":\"https:\/\/www.obispadodeibiza.es\/ca\/eddy-martin-gonzalez-nou-rector-in-solidum-de-la-parroquia-de-sant-pau\/#primaryimage\"},\"thumbnailUrl\":\"https:\/\/www.obispadodeibiza.es\/wp-content\/uploads\/2026\/04\/Ordenacion_Eddy_Martin_Obispado_Ibiza.jpg\",\"datePublished\":\"2026-04-28T09:20:52+00:00\",\"dateModified\":\"2026-04-28T09:29:21+00:00\",\"breadcrumb\":{\"@id\":\"https:\/\/www.obispadodeibiza.es\/ca\/eddy-martin-gonzalez-nou-rector-in-solidum-de-la-parroquia-de-sant-pau\/#breadcrumb\"},\"inLanguage\":\"ca\",\"potentialAction\":[{\"@type\":\"ReadAction\",\"target\":[\"https:\/\/www.obispadodeibiza.es\/ca\/eddy-martin-gonzalez-nou-rector-in-solidum-de-la-parroquia-de-sant-pau\/\"]}]},{\"@type\":\"ImageObject\",\"inLanguage\":\"ca\",\"@id\":\"https:\/\/www.obispadodeibiza.es\/ca\/eddy-martin-gonzalez-nou-rector-in-solidum-de-la-parroquia-de-sant-pau\/#primaryimage\",\"url\":\"https:\/\/www.obispadodeibiza.es\/wp-content\/uploads\/2026\/04\/Ordenacion_Eddy_Martin_Obispado_Ibiza.jpg\",\"contentUrl\":\"https:\/\/www.obispadodeibiza.es\/wp-content\/uploads\/2026\/04\/Ordenacion_Eddy_Martin_Obispado_Ibiza.jpg\",\"width\":860,\"height\":645},{\"@type\":\"BreadcrumbList\",\"@id\":\"https:\/\/www.obispadodeibiza.es\/ca\/eddy-martin-gonzalez-nou-rector-in-solidum-de-la-parroquia-de-sant-pau\/#breadcrumb\",\"itemListElement\":[{\"@type\":\"ListItem\",\"position\":1,\"name\":\"Home\",\"item\":\"https:\/\/www.obispadodeibiza.es\/ca\/?page_id=23429\"},{\"@type\":\"ListItem\",\"position\":2,\"name\":\"EDDY MART\u00cdN GONZ\u00c1LEZ, NOU RECTOR \u2018IN\u00a0SOLIDUM\u2019\u00a0DE LA PARR\u00d2QUIA DE SANT PAU\"}]},{\"@type\":\"WebSite\",\"@id\":\"https:\/\/www.obispadodeibiza.es\/ca\/#website\",\"url\":\"https:\/\/www.obispadodeibiza.es\/ca\/\",\"name\":\"Obispado de Ibiza\",\"description\":\"Web Oficial de la Di\u00f3cesis de Ibiza\",\"publisher\":{\"@id\":\"https:\/\/www.obispadodeibiza.es\/ca\/#organization\"},\"potentialAction\":[{\"@type\":\"SearchAction\",\"target\":{\"@type\":\"EntryPoint\",\"urlTemplate\":\"https:\/\/www.obispadodeibiza.es\/ca\/?s={search_term_string}\"},\"query-input\":{\"@type\":\"PropertyValueSpecification\",\"valueRequired\":true,\"valueName\":\"search_term_string\"}}],\"inLanguage\":\"ca\"},{\"@type\":\"Organization\",\"@id\":\"https:\/\/www.obispadodeibiza.es\/ca\/#organization\",\"name\":\"Obispado de Ibiza\",\"url\":\"https:\/\/www.obispadodeibiza.es\/ca\/\",\"logo\":{\"@type\":\"ImageObject\",\"inLanguage\":\"ca\",\"@id\":\"https:\/\/www.obispadodeibiza.es\/ca\/#\/schema\/logo\/image\/\",\"url\":\"https:\/\/www.obispadodeibiza.es\/wp-content\/uploads\/2021\/03\/logo-bisbat-eivissa-color.png\",\"contentUrl\":\"https:\/\/www.obispadodeibiza.es\/wp-content\/uploads\/2021\/03\/logo-bisbat-eivissa-color.png\",\"width\":1739,\"height\":1544,\"caption\":\"Obispado de Ibiza\"},\"image\":{\"@id\":\"https:\/\/www.obispadodeibiza.es\/ca\/#\/schema\/logo\/image\/\"}},{\"@type\":\"Person\",\"@id\":\"https:\/\/www.obispadodeibiza.es\/ca\/#\/schema\/person\/e12423e229abea83411444918084d011\",\"name\":\"comunicacion\",\"sameAs\":[\"sbq-ibiza\"],\"url\":\"https:\/\/www.obispadodeibiza.es\/ca\/author\/comunicacion\/\"}]}<\/script>\n<!-- \/ Yoast SEO plugin. -->","yoast_head_json":{"title":"EDDY MART\u00cdN GONZ\u00c1LEZ, NOU RECTOR \u2018IN\u00a0SOLIDUM\u2019\u00a0DE LA PARR\u00d2QUIA DE SANT PAU - Obispado de Ibiza","robots":{"index":"index","follow":"follow","max-snippet":"max-snippet:-1","max-image-preview":"max-image-preview:large","max-video-preview":"max-video-preview:-1"},"canonical":"https:\/\/www.obispadodeibiza.es\/ca\/eddy-martin-gonzalez-nou-rector-in-solidum-de-la-parroquia-de-sant-pau\/","og_locale":"ca_ES","og_type":"article","og_title":"EDDY MART\u00cdN GONZ\u00c1LEZ, NOU RECTOR \u2018IN\u00a0SOLIDUM\u2019\u00a0DE LA PARR\u00d2QUIA DE SANT PAU - Obispado de Ibiza","og_description":"El capell\u00e0 Eddy Mart\u00edn Gonz\u00e1lez, ordenat el passat 11 d&#8217;abril, ha estat nomenat pel bisbe d&#8217;Eivissa, Mons. Vicent Ribas, rector \u2018in&nbsp;solidum\u2019&nbsp;i moderador de la parr\u00f2quia de Sant Pau de la...","og_url":"https:\/\/www.obispadodeibiza.es\/ca\/eddy-martin-gonzalez-nou-rector-in-solidum-de-la-parroquia-de-sant-pau\/","og_site_name":"Obispado de Ibiza","article_published_time":"2026-04-28T09:20:52+00:00","article_modified_time":"2026-04-28T09:29:21+00:00","og_image":[{"width":860,"height":645,"url":"https:\/\/www.obispadodeibiza.es\/wp-content\/uploads\/2026\/04\/Ordenacion_Eddy_Martin_Obispado_Ibiza.jpg","type":"image\/jpeg"}],"author":"comunicacion","twitter_card":"summary_large_image","twitter_misc":{"Escrit per":"comunicacion","Temps estimat de lectura":"1 minut"},"schema":{"@context":"https:\/\/schema.org","@graph":[{"@type":"Article","@id":"https:\/\/www.obispadodeibiza.es\/ca\/eddy-martin-gonzalez-nou-rector-in-solidum-de-la-parroquia-de-sant-pau\/#article","isPartOf":{"@id":"https:\/\/www.obispadodeibiza.es\/ca\/eddy-martin-gonzalez-nou-rector-in-solidum-de-la-parroquia-de-sant-pau\/"},"author":{"name":"comunicacion","@id":"https:\/\/www.obispadodeibiza.es\/ca\/#\/schema\/person\/e12423e229abea83411444918084d011"},"headline":"EDDY MART\u00cdN GONZ\u00c1LEZ, NOU RECTOR \u2018IN\u00a0SOLIDUM\u2019\u00a0DE LA PARR\u00d2QUIA DE SANT PAU","datePublished":"2026-04-28T09:20:52+00:00","dateModified":"2026-04-28T09:29:21+00:00","mainEntityOfPage":{"@id":"https:\/\/www.obispadodeibiza.es\/ca\/eddy-martin-gonzalez-nou-rector-in-solidum-de-la-parroquia-de-sant-pau\/"},"wordCount":124,"publisher":{"@id":"https:\/\/www.obispadodeibiza.es\/ca\/#organization"},"image":{"@id":"https:\/\/www.obispadodeibiza.es\/ca\/eddy-martin-gonzalez-nou-rector-in-solidum-de-la-parroquia-de-sant-pau\/#primaryimage"},"thumbnailUrl":"https:\/\/www.obispadodeibiza.es\/wp-content\/uploads\/2026\/04\/Ordenacion_Eddy_Martin_Obispado_Ibiza.jpg","articleSection":["Not\u00edcies"],"inLanguage":"ca"},{"@type":"WebPage","@id":"https:\/\/www.obispadodeibiza.es\/ca\/eddy-martin-gonzalez-nou-rector-in-solidum-de-la-parroquia-de-sant-pau\/","url":"https:\/\/www.obispadodeibiza.es\/ca\/eddy-martin-gonzalez-nou-rector-in-solidum-de-la-parroquia-de-sant-pau\/","name":"EDDY MART\u00cdN GONZ\u00c1LEZ, NOU RECTOR \u2018IN\u00a0SOLIDUM\u2019\u00a0DE LA PARR\u00d2QUIA DE SANT PAU - Obispado de Ibiza","isPartOf":{"@id":"https:\/\/www.obispadodeibiza.es\/ca\/#website"},"primaryImageOfPage":{"@id":"https:\/\/www.obispadodeibiza.es\/ca\/eddy-martin-gonzalez-nou-rector-in-solidum-de-la-parroquia-de-sant-pau\/#primaryimage"},"image":{"@id":"https:\/\/www.obispadodeibiza.es\/ca\/eddy-martin-gonzalez-nou-rector-in-solidum-de-la-parroquia-de-sant-pau\/#primaryimage"},"thumbnailUrl":"https:\/\/www.obispadodeibiza.es\/wp-content\/uploads\/2026\/04\/Ordenacion_Eddy_Martin_Obispado_Ibiza.jpg","datePublished":"2026-04-28T09:20:52+00:00","dateModified":"2026-04-28T09:29:21+00:00","breadcrumb":{"@id":"https:\/\/www.obispadodeibiza.es\/ca\/eddy-martin-gonzalez-nou-rector-in-solidum-de-la-parroquia-de-sant-pau\/#breadcrumb"},"inLanguage":"ca","potentialAction":[{"@type":"ReadAction","target":["https:\/\/www.obispadodeibiza.es\/ca\/eddy-martin-gonzalez-nou-rector-in-solidum-de-la-parroquia-de-sant-pau\/"]}]},{"@type":"ImageObject","inLanguage":"ca","@id":"https:\/\/www.obispadodeibiza.es\/ca\/eddy-martin-gonzalez-nou-rector-in-solidum-de-la-parroquia-de-sant-pau\/#primaryimage","url":"https:\/\/www.obispadodeibiza.es\/wp-content\/uploads\/2026\/04\/Ordenacion_Eddy_Martin_Obispado_Ibiza.jpg","contentUrl":"https:\/\/www.obispadodeibiza.es\/wp-content\/uploads\/2026\/04\/Ordenacion_Eddy_Martin_Obispado_Ibiza.jpg","width":860,"height":645},{"@type":"BreadcrumbList","@id":"https:\/\/www.obispadodeibiza.es\/ca\/eddy-martin-gonzalez-nou-rector-in-solidum-de-la-parroquia-de-sant-pau\/#breadcrumb","itemListElement":[{"@type":"ListItem","position":1,"name":"Home","item":"https:\/\/www.obispadodeibiza.es\/ca\/?page_id=23429"},{"@type":"ListItem","position":2,"name":"EDDY MART\u00cdN GONZ\u00c1LEZ, NOU RECTOR \u2018IN\u00a0SOLIDUM\u2019\u00a0DE LA PARR\u00d2QUIA DE SANT PAU"}]},{"@type":"WebSite","@id":"https:\/\/www.obispadodeibiza.es\/ca\/#website","url":"https:\/\/www.obispadodeibiza.es\/ca\/","name":"Obispado de Ibiza","description":"Web Oficial de la Di\u00f3cesis de Ibiza","publisher":{"@id":"https:\/\/www.obispadodeibiza.es\/ca\/#organization"},"potentialAction":[{"@type":"SearchAction","target":{"@type":"EntryPoint","urlTemplate":"https:\/\/www.obispadodeibiza.es\/ca\/?s={search_term_string}"},"query-input":{"@type":"PropertyValueSpecification","valueRequired":true,"valueName":"search_term_string"}}],"inLanguage":"ca"},{"@type":"Organization","@id":"https:\/\/www.obispadodeibiza.es\/ca\/#organization","name":"Obispado de Ibiza","url":"https:\/\/www.obispadodeibiza.es\/ca\/","logo":{"@type":"ImageObject","inLanguage":"ca","@id":"https:\/\/www.obispadodeibiza.es\/ca\/#\/schema\/logo\/image\/","url":"https:\/\/www.obispadodeibiza.es\/wp-content\/uploads\/2021\/03\/logo-bisbat-eivissa-color.png","contentUrl":"https:\/\/www.obispadodeibiza.es\/wp-content\/uploads\/2021\/03\/logo-bisbat-eivissa-color.png","width":1739,"height":1544,"caption":"Obispado de Ibiza"},"image":{"@id":"https:\/\/www.obispadodeibiza.es\/ca\/#\/schema\/logo\/image\/"}},{"@type":"Person","@id":"https:\/\/www.obispadodeibiza.es\/ca\/#\/schema\/person\/e12423e229abea83411444918084d011","name":"comunicacion","sameAs":["sbq-ibiza"],"url":"https:\/\/www.obispadodeibiza.es\/ca\/author\/comunicacion\/"}]}},"_links":{"self":[{"href":"https:\/\/www.obispadodeibiza.es\/ca\/wp-json\/wp\/v2\/posts\/23998","targetHints":{"allow":["GET"]}}],"collection":[{"href":"https:\/\/www.obispadodeibiza.es\/ca\/wp-json\/wp\/v2\/posts"}],"about":[{"href":"https:\/\/www.obispadodeibiza.es\/ca\/wp-json\/wp\/v2\/types\/post"}],"author":[{"embeddable":true,"href":"https:\/\/www.obispadodeibiza.es\/ca\/wp-json\/wp\/v2\/users\/4"}],"replies":[{"embeddable":true,"href":"https:\/\/www.obispadodeibiza.es\/ca\/wp-json\/wp\/v2\/comments?post=23998"}],"version-history":[{"count":1,"href":"https:\/\/www.obispadodeibiza.es\/ca\/wp-json\/wp\/v2\/posts\/23998\/revisions"}],"predecessor-version":[{"id":23999,"href":"https:\/\/www.obispadodeibiza.es\/ca\/wp-json\/wp\/v2\/posts\/23998\/revisions\/23999"}],"wp:featuredmedia":[{"embeddable":true,"href":"https:\/\/www.obispadodeibiza.es\/ca\/wp-json\/wp\/v2\/media\/23996"}],"wp:attachment":[{"href":"https:\/\/www.obispadodeibiza.es\/ca\/wp-json\/wp\/v2\/media?parent=23998"}],"wp:term":[{"taxonomy":"category","embeddable":true,"href":"https:\/\/www.obispadodeibiza.es\/ca\/wp-json\/wp\/v2\/categories?post=23998"},{"taxonomy":"post_tag","embeddable":true,"href":"https:\/\/www.obispadodeibiza.es\/ca\/wp-json\/wp\/v2\/tags?post=23998"}],"curies":[{"name":"wp","href":"https:\/\/api.w.org\/{rel}","templated":true}]}}