{"id":24052,"date":"2026-04-29T14:52:05","date_gmt":"2026-04-29T12:52:05","guid":{"rendered":"https:\/\/www.obispadodeibiza.es\/?p=24052"},"modified":"2026-04-29T14:52:40","modified_gmt":"2026-04-29T12:52:40","slug":"apuntat-al-canal-de-whatsapp-del-bisbat-deivissa-per-a-estar-al-dia-de-tota-lactualitat-diocesana","status":"publish","type":"post","link":"https:\/\/www.obispadodeibiza.es\/ca\/apuntat-al-canal-de-whatsapp-del-bisbat-deivissa-per-a-estar-al-dia-de-tota-lactualitat-diocesana\/","title":{"rendered":"APUNTA\u2019T AL CANAL DE WHATSAPP DEL BISBAT D&#8217;EIVISSA PER A ESTAR AL DIA DE TOTA L&#8217;ACTUALITAT DIOCESANA"},"content":{"rendered":"<style type=\"text\/css\"><\/style>\n<p>La <strong>Delegaci\u00f3 de Mitjans de Comunicaci\u00f3 Social<\/strong> del bisbat d&#8217;Eivissa ha obert <strong>un nou canal de WhatsApp<\/strong> per a la comunicaci\u00f3 de not\u00edcies d&#8217;actualitat de la di\u00f2cesi i altres serveis informatius. Aquest recurs permet als seguidors del canal <strong>rebre directament en el seu tel\u00e8fon la informaci\u00f3 del bisbat<\/strong> de manera senzilla i privada.<\/p>\n\n\n\n<div class=\"wp-block-buttons is-content-justification-center is-layout-flex wp-container-core-buttons-is-layout-16018d1d wp-block-buttons-is-layout-flex\">\n<div class=\"wp-block-button\"><a class=\"wp-block-button__link wp-element-button\" href=\"https:\/\/whatsapp.com\/channel\/0029VaXXca4DJ6H6NMobki01\">CANAL DE WHATSAPP DEL BISBAT D&#8217;EIVISSA<\/a><\/div>\n<\/div>\n\n\n\n<p>El canal del bisbat d&#8217;Eivissa es pot buscar a la <strong>secci\u00f3 \u2018Novetats\u2019<\/strong>, situada a la part inferior de l&#8217;app m\u00f2bil de WhatsApp, a la <strong>secci\u00f3 \u2018Canals\u2019<\/strong>. En un ordinador port\u00e0til o de sobretaula, la secci\u00f3 de \u2018Canals\u2019 est\u00e0 situada ala part superior esquerra de la pantalla de l&#8217;aplicaci\u00f3 de Whatsapp. Tamb\u00e9 es pot entrar a trav\u00e9s del bot\u00f3 \u2018CANAL DE WHATSAPP DEL BISBAT D\u2019EIVISSA\u2019 que hi ha damunt aquest par\u00e0graf, o <a href=\"https:\/\/whatsapp.com\/channel\/0029VaXXca4DJ6H6NMobki01\">des d&#8217;aquest enlla\u00e7<\/a>.<\/p>\n\n\n\n<p>Aquest canal permet que el n\u00famero de tel\u00e8fon del seguidor es mantingui privat. De la mateixa manera, nom\u00e9s l&#8217;usuari pot veure tots els canals que segueix.<\/p>\n","protected":false},"excerpt":{"rendered":"<p>La Delegaci\u00f3 de Mitjans de Comunicaci\u00f3 Social del bisbat d&#8217;Eivissa ha obert un nou canal de WhatsApp per a la comunicaci\u00f3 de not\u00edcies d&#8217;actualitat de la di\u00f2cesi i altres serveis&#8230;<\/p>\n","protected":false},"author":4,"featured_media":24050,"comment_status":"closed","ping_status":"open","sticky":false,"template":"","format":"standard","meta":{"_monsterinsights_skip_tracking":false,"_monsterinsights_sitenote_active":false,"_monsterinsights_sitenote_note":"","_monsterinsights_sitenote_category":0,"footnotes":""},"categories":[105,135],"tags":[],"class_list":["post-24052","post","type-post","status-publish","format-standard","has-post-thumbnail","hentry","category-noticias-ca","category-noticies"],"yoast_head":"<!-- This site is optimized with the Yoast SEO plugin v27.2 - https:\/\/yoast.com\/product\/yoast-seo-wordpress\/ -->\n<title>APUNTA\u2019T AL CANAL DE WHATSAPP DEL BISBAT D&#039;EIVISSA PER A ESTAR AL DIA DE TOTA L&#039;ACTUALITAT DIOCESANA - Obispado de Ibiza<\/title>\n<meta name=\"robots\" content=\"index, follow, max-snippet:-1, max-image-preview:large, max-video-preview:-1\" \/>\n<link rel=\"canonical\" href=\"https:\/\/www.obispadodeibiza.es\/ca\/apuntat-al-canal-de-whatsapp-del-bisbat-deivissa-per-a-estar-al-dia-de-tota-lactualitat-diocesana\/\" \/>\n<meta property=\"og:locale\" content=\"ca_ES\" \/>\n<meta property=\"og:type\" content=\"article\" \/>\n<meta property=\"og:title\" content=\"APUNTA\u2019T AL CANAL DE WHATSAPP DEL BISBAT D&#039;EIVISSA PER A ESTAR AL DIA DE TOTA L&#039;ACTUALITAT DIOCESANA - Obispado de Ibiza\" \/>\n<meta property=\"og:description\" content=\"La Delegaci\u00f3 de Mitjans de Comunicaci\u00f3 Social del bisbat d&#8217;Eivissa ha obert un nou canal de WhatsApp per a la comunicaci\u00f3 de not\u00edcies d&#8217;actualitat de la di\u00f2cesi i altres serveis...\" \/>\n<meta property=\"og:url\" content=\"https:\/\/www.obispadodeibiza.es\/ca\/apuntat-al-canal-de-whatsapp-del-bisbat-deivissa-per-a-estar-al-dia-de-tota-lactualitat-diocesana\/\" \/>\n<meta property=\"og:site_name\" content=\"Obispado de Ibiza\" \/>\n<meta property=\"article:published_time\" content=\"2026-04-29T12:52:05+00:00\" \/>\n<meta property=\"article:modified_time\" content=\"2026-04-29T12:52:40+00:00\" \/>\n<meta property=\"og:image\" content=\"https:\/\/www.obispadodeibiza.es\/wp-content\/uploads\/2026\/04\/Canal_obispado_ibiza.jpg\" \/>\n\t<meta property=\"og:image:width\" content=\"860\" \/>\n\t<meta property=\"og:image:height\" content=\"645\" \/>\n\t<meta property=\"og:image:type\" content=\"image\/jpeg\" \/>\n<meta name=\"author\" content=\"comunicacion\" \/>\n<meta name=\"twitter:card\" content=\"summary_large_image\" \/>\n<meta name=\"twitter:label1\" content=\"Escrit per\" \/>\n\t<meta name=\"twitter:data1\" content=\"comunicacion\" \/>\n\t<meta name=\"twitter:label2\" content=\"Temps estimat de lectura\" \/>\n\t<meta name=\"twitter:data2\" content=\"1 minut\" \/>\n<script type=\"application\/ld+json\" class=\"yoast-schema-graph\">{\"@context\":\"https:\/\/schema.org\",\"@graph\":[{\"@type\":\"Article\",\"@id\":\"https:\/\/www.obispadodeibiza.es\/ca\/apuntat-al-canal-de-whatsapp-del-bisbat-deivissa-per-a-estar-al-dia-de-tota-lactualitat-diocesana\/#article\",\"isPartOf\":{\"@id\":\"https:\/\/www.obispadodeibiza.es\/ca\/apuntat-al-canal-de-whatsapp-del-bisbat-deivissa-per-a-estar-al-dia-de-tota-lactualitat-diocesana\/\"},\"author\":{\"name\":\"comunicacion\",\"@id\":\"https:\/\/www.obispadodeibiza.es\/ca\/#\/schema\/person\/e12423e229abea83411444918084d011\"},\"headline\":\"APUNTA\u2019T AL CANAL DE WHATSAPP DEL BISBAT D&#8217;EIVISSA PER A ESTAR AL DIA DE TOTA L&#8217;ACTUALITAT DIOCESANA\",\"datePublished\":\"2026-04-29T12:52:05+00:00\",\"dateModified\":\"2026-04-29T12:52:40+00:00\",\"mainEntityOfPage\":{\"@id\":\"https:\/\/www.obispadodeibiza.es\/ca\/apuntat-al-canal-de-whatsapp-del-bisbat-deivissa-per-a-estar-al-dia-de-tota-lactualitat-diocesana\/\"},\"wordCount\":198,\"publisher\":{\"@id\":\"https:\/\/www.obispadodeibiza.es\/ca\/#organization\"},\"image\":{\"@id\":\"https:\/\/www.obispadodeibiza.es\/ca\/apuntat-al-canal-de-whatsapp-del-bisbat-deivissa-per-a-estar-al-dia-de-tota-lactualitat-diocesana\/#primaryimage\"},\"thumbnailUrl\":\"https:\/\/www.obispadodeibiza.es\/wp-content\/uploads\/2026\/04\/Canal_obispado_ibiza.jpg\",\"articleSection\":[\"Noticias\",\"Not\u00edcies\"],\"inLanguage\":\"ca\"},{\"@type\":\"WebPage\",\"@id\":\"https:\/\/www.obispadodeibiza.es\/ca\/apuntat-al-canal-de-whatsapp-del-bisbat-deivissa-per-a-estar-al-dia-de-tota-lactualitat-diocesana\/\",\"url\":\"https:\/\/www.obispadodeibiza.es\/ca\/apuntat-al-canal-de-whatsapp-del-bisbat-deivissa-per-a-estar-al-dia-de-tota-lactualitat-diocesana\/\",\"name\":\"APUNTA\u2019T AL CANAL DE WHATSAPP DEL BISBAT D'EIVISSA PER A ESTAR AL DIA DE TOTA L'ACTUALITAT DIOCESANA - Obispado de Ibiza\",\"isPartOf\":{\"@id\":\"https:\/\/www.obispadodeibiza.es\/ca\/#website\"},\"primaryImageOfPage\":{\"@id\":\"https:\/\/www.obispadodeibiza.es\/ca\/apuntat-al-canal-de-whatsapp-del-bisbat-deivissa-per-a-estar-al-dia-de-tota-lactualitat-diocesana\/#primaryimage\"},\"image\":{\"@id\":\"https:\/\/www.obispadodeibiza.es\/ca\/apuntat-al-canal-de-whatsapp-del-bisbat-deivissa-per-a-estar-al-dia-de-tota-lactualitat-diocesana\/#primaryimage\"},\"thumbnailUrl\":\"https:\/\/www.obispadodeibiza.es\/wp-content\/uploads\/2026\/04\/Canal_obispado_ibiza.jpg\",\"datePublished\":\"2026-04-29T12:52:05+00:00\",\"dateModified\":\"2026-04-29T12:52:40+00:00\",\"breadcrumb\":{\"@id\":\"https:\/\/www.obispadodeibiza.es\/ca\/apuntat-al-canal-de-whatsapp-del-bisbat-deivissa-per-a-estar-al-dia-de-tota-lactualitat-diocesana\/#breadcrumb\"},\"inLanguage\":\"ca\",\"potentialAction\":[{\"@type\":\"ReadAction\",\"target\":[\"https:\/\/www.obispadodeibiza.es\/ca\/apuntat-al-canal-de-whatsapp-del-bisbat-deivissa-per-a-estar-al-dia-de-tota-lactualitat-diocesana\/\"]}]},{\"@type\":\"ImageObject\",\"inLanguage\":\"ca\",\"@id\":\"https:\/\/www.obispadodeibiza.es\/ca\/apuntat-al-canal-de-whatsapp-del-bisbat-deivissa-per-a-estar-al-dia-de-tota-lactualitat-diocesana\/#primaryimage\",\"url\":\"https:\/\/www.obispadodeibiza.es\/wp-content\/uploads\/2026\/04\/Canal_obispado_ibiza.jpg\",\"contentUrl\":\"https:\/\/www.obispadodeibiza.es\/wp-content\/uploads\/2026\/04\/Canal_obispado_ibiza.jpg\",\"width\":860,\"height\":645},{\"@type\":\"BreadcrumbList\",\"@id\":\"https:\/\/www.obispadodeibiza.es\/ca\/apuntat-al-canal-de-whatsapp-del-bisbat-deivissa-per-a-estar-al-dia-de-tota-lactualitat-diocesana\/#breadcrumb\",\"itemListElement\":[{\"@type\":\"ListItem\",\"position\":1,\"name\":\"Home\",\"item\":\"https:\/\/www.obispadodeibiza.es\/ca\/?page_id=23429\"},{\"@type\":\"ListItem\",\"position\":2,\"name\":\"APUNTA\u2019T AL CANAL DE WHATSAPP DEL BISBAT D&#8217;EIVISSA PER A ESTAR AL DIA DE TOTA L&#8217;ACTUALITAT DIOCESANA\"}]},{\"@type\":\"WebSite\",\"@id\":\"https:\/\/www.obispadodeibiza.es\/ca\/#website\",\"url\":\"https:\/\/www.obispadodeibiza.es\/ca\/\",\"name\":\"Obispado de Ibiza\",\"description\":\"Web Oficial de la Di\u00f3cesis de Ibiza\",\"publisher\":{\"@id\":\"https:\/\/www.obispadodeibiza.es\/ca\/#organization\"},\"potentialAction\":[{\"@type\":\"SearchAction\",\"target\":{\"@type\":\"EntryPoint\",\"urlTemplate\":\"https:\/\/www.obispadodeibiza.es\/ca\/?s={search_term_string}\"},\"query-input\":{\"@type\":\"PropertyValueSpecification\",\"valueRequired\":true,\"valueName\":\"search_term_string\"}}],\"inLanguage\":\"ca\"},{\"@type\":\"Organization\",\"@id\":\"https:\/\/www.obispadodeibiza.es\/ca\/#organization\",\"name\":\"Obispado de Ibiza\",\"url\":\"https:\/\/www.obispadodeibiza.es\/ca\/\",\"logo\":{\"@type\":\"ImageObject\",\"inLanguage\":\"ca\",\"@id\":\"https:\/\/www.obispadodeibiza.es\/ca\/#\/schema\/logo\/image\/\",\"url\":\"https:\/\/www.obispadodeibiza.es\/wp-content\/uploads\/2021\/03\/logo-bisbat-eivissa-color.png\",\"contentUrl\":\"https:\/\/www.obispadodeibiza.es\/wp-content\/uploads\/2021\/03\/logo-bisbat-eivissa-color.png\",\"width\":1739,\"height\":1544,\"caption\":\"Obispado de Ibiza\"},\"image\":{\"@id\":\"https:\/\/www.obispadodeibiza.es\/ca\/#\/schema\/logo\/image\/\"}},{\"@type\":\"Person\",\"@id\":\"https:\/\/www.obispadodeibiza.es\/ca\/#\/schema\/person\/e12423e229abea83411444918084d011\",\"name\":\"comunicacion\",\"sameAs\":[\"sbq-ibiza\"],\"url\":\"https:\/\/www.obispadodeibiza.es\/ca\/author\/comunicacion\/\"}]}<\/script>\n<!-- \/ Yoast SEO plugin. -->","yoast_head_json":{"title":"APUNTA\u2019T AL CANAL DE WHATSAPP DEL BISBAT D'EIVISSA PER A ESTAR AL DIA DE TOTA L'ACTUALITAT DIOCESANA - Obispado de Ibiza","robots":{"index":"index","follow":"follow","max-snippet":"max-snippet:-1","max-image-preview":"max-image-preview:large","max-video-preview":"max-video-preview:-1"},"canonical":"https:\/\/www.obispadodeibiza.es\/ca\/apuntat-al-canal-de-whatsapp-del-bisbat-deivissa-per-a-estar-al-dia-de-tota-lactualitat-diocesana\/","og_locale":"ca_ES","og_type":"article","og_title":"APUNTA\u2019T AL CANAL DE WHATSAPP DEL BISBAT D'EIVISSA PER A ESTAR AL DIA DE TOTA L'ACTUALITAT DIOCESANA - Obispado de Ibiza","og_description":"La Delegaci\u00f3 de Mitjans de Comunicaci\u00f3 Social del bisbat d&#8217;Eivissa ha obert un nou canal de WhatsApp per a la comunicaci\u00f3 de not\u00edcies d&#8217;actualitat de la di\u00f2cesi i altres serveis...","og_url":"https:\/\/www.obispadodeibiza.es\/ca\/apuntat-al-canal-de-whatsapp-del-bisbat-deivissa-per-a-estar-al-dia-de-tota-lactualitat-diocesana\/","og_site_name":"Obispado de Ibiza","article_published_time":"2026-04-29T12:52:05+00:00","article_modified_time":"2026-04-29T12:52:40+00:00","og_image":[{"width":860,"height":645,"url":"https:\/\/www.obispadodeibiza.es\/wp-content\/uploads\/2026\/04\/Canal_obispado_ibiza.jpg","type":"image\/jpeg"}],"author":"comunicacion","twitter_card":"summary_large_image","twitter_misc":{"Escrit per":"comunicacion","Temps estimat de lectura":"1 minut"},"schema":{"@context":"https:\/\/schema.org","@graph":[{"@type":"Article","@id":"https:\/\/www.obispadodeibiza.es\/ca\/apuntat-al-canal-de-whatsapp-del-bisbat-deivissa-per-a-estar-al-dia-de-tota-lactualitat-diocesana\/#article","isPartOf":{"@id":"https:\/\/www.obispadodeibiza.es\/ca\/apuntat-al-canal-de-whatsapp-del-bisbat-deivissa-per-a-estar-al-dia-de-tota-lactualitat-diocesana\/"},"author":{"name":"comunicacion","@id":"https:\/\/www.obispadodeibiza.es\/ca\/#\/schema\/person\/e12423e229abea83411444918084d011"},"headline":"APUNTA\u2019T AL CANAL DE WHATSAPP DEL BISBAT D&#8217;EIVISSA PER A ESTAR AL DIA DE TOTA L&#8217;ACTUALITAT DIOCESANA","datePublished":"2026-04-29T12:52:05+00:00","dateModified":"2026-04-29T12:52:40+00:00","mainEntityOfPage":{"@id":"https:\/\/www.obispadodeibiza.es\/ca\/apuntat-al-canal-de-whatsapp-del-bisbat-deivissa-per-a-estar-al-dia-de-tota-lactualitat-diocesana\/"},"wordCount":198,"publisher":{"@id":"https:\/\/www.obispadodeibiza.es\/ca\/#organization"},"image":{"@id":"https:\/\/www.obispadodeibiza.es\/ca\/apuntat-al-canal-de-whatsapp-del-bisbat-deivissa-per-a-estar-al-dia-de-tota-lactualitat-diocesana\/#primaryimage"},"thumbnailUrl":"https:\/\/www.obispadodeibiza.es\/wp-content\/uploads\/2026\/04\/Canal_obispado_ibiza.jpg","articleSection":["Noticias","Not\u00edcies"],"inLanguage":"ca"},{"@type":"WebPage","@id":"https:\/\/www.obispadodeibiza.es\/ca\/apuntat-al-canal-de-whatsapp-del-bisbat-deivissa-per-a-estar-al-dia-de-tota-lactualitat-diocesana\/","url":"https:\/\/www.obispadodeibiza.es\/ca\/apuntat-al-canal-de-whatsapp-del-bisbat-deivissa-per-a-estar-al-dia-de-tota-lactualitat-diocesana\/","name":"APUNTA\u2019T AL CANAL DE WHATSAPP DEL BISBAT D'EIVISSA PER A ESTAR AL DIA DE TOTA L'ACTUALITAT DIOCESANA - Obispado de Ibiza","isPartOf":{"@id":"https:\/\/www.obispadodeibiza.es\/ca\/#website"},"primaryImageOfPage":{"@id":"https:\/\/www.obispadodeibiza.es\/ca\/apuntat-al-canal-de-whatsapp-del-bisbat-deivissa-per-a-estar-al-dia-de-tota-lactualitat-diocesana\/#primaryimage"},"image":{"@id":"https:\/\/www.obispadodeibiza.es\/ca\/apuntat-al-canal-de-whatsapp-del-bisbat-deivissa-per-a-estar-al-dia-de-tota-lactualitat-diocesana\/#primaryimage"},"thumbnailUrl":"https:\/\/www.obispadodeibiza.es\/wp-content\/uploads\/2026\/04\/Canal_obispado_ibiza.jpg","datePublished":"2026-04-29T12:52:05+00:00","dateModified":"2026-04-29T12:52:40+00:00","breadcrumb":{"@id":"https:\/\/www.obispadodeibiza.es\/ca\/apuntat-al-canal-de-whatsapp-del-bisbat-deivissa-per-a-estar-al-dia-de-tota-lactualitat-diocesana\/#breadcrumb"},"inLanguage":"ca","potentialAction":[{"@type":"ReadAction","target":["https:\/\/www.obispadodeibiza.es\/ca\/apuntat-al-canal-de-whatsapp-del-bisbat-deivissa-per-a-estar-al-dia-de-tota-lactualitat-diocesana\/"]}]},{"@type":"ImageObject","inLanguage":"ca","@id":"https:\/\/www.obispadodeibiza.es\/ca\/apuntat-al-canal-de-whatsapp-del-bisbat-deivissa-per-a-estar-al-dia-de-tota-lactualitat-diocesana\/#primaryimage","url":"https:\/\/www.obispadodeibiza.es\/wp-content\/uploads\/2026\/04\/Canal_obispado_ibiza.jpg","contentUrl":"https:\/\/www.obispadodeibiza.es\/wp-content\/uploads\/2026\/04\/Canal_obispado_ibiza.jpg","width":860,"height":645},{"@type":"BreadcrumbList","@id":"https:\/\/www.obispadodeibiza.es\/ca\/apuntat-al-canal-de-whatsapp-del-bisbat-deivissa-per-a-estar-al-dia-de-tota-lactualitat-diocesana\/#breadcrumb","itemListElement":[{"@type":"ListItem","position":1,"name":"Home","item":"https:\/\/www.obispadodeibiza.es\/ca\/?page_id=23429"},{"@type":"ListItem","position":2,"name":"APUNTA\u2019T AL CANAL DE WHATSAPP DEL BISBAT D&#8217;EIVISSA PER A ESTAR AL DIA DE TOTA L&#8217;ACTUALITAT DIOCESANA"}]},{"@type":"WebSite","@id":"https:\/\/www.obispadodeibiza.es\/ca\/#website","url":"https:\/\/www.obispadodeibiza.es\/ca\/","name":"Obispado de Ibiza","description":"Web Oficial de la Di\u00f3cesis de Ibiza","publisher":{"@id":"https:\/\/www.obispadodeibiza.es\/ca\/#organization"},"potentialAction":[{"@type":"SearchAction","target":{"@type":"EntryPoint","urlTemplate":"https:\/\/www.obispadodeibiza.es\/ca\/?s={search_term_string}"},"query-input":{"@type":"PropertyValueSpecification","valueRequired":true,"valueName":"search_term_string"}}],"inLanguage":"ca"},{"@type":"Organization","@id":"https:\/\/www.obispadodeibiza.es\/ca\/#organization","name":"Obispado de Ibiza","url":"https:\/\/www.obispadodeibiza.es\/ca\/","logo":{"@type":"ImageObject","inLanguage":"ca","@id":"https:\/\/www.obispadodeibiza.es\/ca\/#\/schema\/logo\/image\/","url":"https:\/\/www.obispadodeibiza.es\/wp-content\/uploads\/2021\/03\/logo-bisbat-eivissa-color.png","contentUrl":"https:\/\/www.obispadodeibiza.es\/wp-content\/uploads\/2021\/03\/logo-bisbat-eivissa-color.png","width":1739,"height":1544,"caption":"Obispado de Ibiza"},"image":{"@id":"https:\/\/www.obispadodeibiza.es\/ca\/#\/schema\/logo\/image\/"}},{"@type":"Person","@id":"https:\/\/www.obispadodeibiza.es\/ca\/#\/schema\/person\/e12423e229abea83411444918084d011","name":"comunicacion","sameAs":["sbq-ibiza"],"url":"https:\/\/www.obispadodeibiza.es\/ca\/author\/comunicacion\/"}]}},"_links":{"self":[{"href":"https:\/\/www.obispadodeibiza.es\/ca\/wp-json\/wp\/v2\/posts\/24052","targetHints":{"allow":["GET"]}}],"collection":[{"href":"https:\/\/www.obispadodeibiza.es\/ca\/wp-json\/wp\/v2\/posts"}],"about":[{"href":"https:\/\/www.obispadodeibiza.es\/ca\/wp-json\/wp\/v2\/types\/post"}],"author":[{"embeddable":true,"href":"https:\/\/www.obispadodeibiza.es\/ca\/wp-json\/wp\/v2\/users\/4"}],"replies":[{"embeddable":true,"href":"https:\/\/www.obispadodeibiza.es\/ca\/wp-json\/wp\/v2\/comments?post=24052"}],"version-history":[{"count":1,"href":"https:\/\/www.obispadodeibiza.es\/ca\/wp-json\/wp\/v2\/posts\/24052\/revisions"}],"predecessor-version":[{"id":24053,"href":"https:\/\/www.obispadodeibiza.es\/ca\/wp-json\/wp\/v2\/posts\/24052\/revisions\/24053"}],"wp:featuredmedia":[{"embeddable":true,"href":"https:\/\/www.obispadodeibiza.es\/ca\/wp-json\/wp\/v2\/media\/24050"}],"wp:attachment":[{"href":"https:\/\/www.obispadodeibiza.es\/ca\/wp-json\/wp\/v2\/media?parent=24052"}],"wp:term":[{"taxonomy":"category","embeddable":true,"href":"https:\/\/www.obispadodeibiza.es\/ca\/wp-json\/wp\/v2\/categories?post=24052"},{"taxonomy":"post_tag","embeddable":true,"href":"https:\/\/www.obispadodeibiza.es\/ca\/wp-json\/wp\/v2\/tags?post=24052"}],"curies":[{"name":"wp","href":"https:\/\/api.w.org\/{rel}","templated":true}]}}