{"id":24058,"date":"2026-04-30T06:00:00","date_gmt":"2026-04-30T04:00:00","guid":{"rendered":"https:\/\/www.obispadodeibiza.es\/?p=24058"},"modified":"2026-04-29T16:22:27","modified_gmt":"2026-04-29T14:22:27","slug":"la-conferencia-episcopal-llanca-la-campanya-son-tantes-les-raons-apuntal-a-reli","status":"publish","type":"post","link":"https:\/\/www.obispadodeibiza.es\/ca\/la-conferencia-episcopal-llanca-la-campanya-son-tantes-les-raons-apuntal-a-reli\/","title":{"rendered":"LA CONFER\u00c8NCIA EPISCOPAL LLAN\u00c7A LA CAMPANYA \u2018S\u00d3N TANTES LES RAONS\u2026 APUNTA\u2019L A\u00a0RELI\u2019"},"content":{"rendered":"<style type=\"text\/css\"><\/style>\n<p>La Comissi\u00f3 Episcopal per a l&#8217;Educaci\u00f3 i la Cultura ha llan\u00e7at la campanya <strong>\u2018S\u00f3n tantes les raons\u2026 apunta\u2019l a&nbsp;Reli\u2019<\/strong>, una iniciativa dissenyada per ajudar a les fam\u00edlies davant el proc\u00e9s de matriculaci\u00f3 del curs 2026-2027. Amb el lema \u00abI tu, li preguntaries a la IA?\u00bb, la campanya es recolza en una pe\u00e7a visual en la qual una parella \u201cmancada de respostes\u201d trasllada els seus dubtes a la intel\u00b7lig\u00e8ncia artificial.<\/p>\n\n\n\n<p>Amb l&#8217;objectiu d&#8217;oferir <strong>respostes a les fam\u00edlies que es q\u00fcestionen l&#8217;elecci\u00f3 de l&#8217;assignatura de Religi\u00f3 de cara al pr\u00f2xim curs<\/strong>, la iniciativa ajuda a redescobrir el valor pedag\u00f2gic i personal d&#8217;aquesta assignatura i aclareix dubtes sobre la seua contribuci\u00f3 al desenvolupament \u00e8tic i hum\u00e0 dels alumnes en un m\u00f3n cada vegada m\u00e9s automatitzat.<\/p>\n\n\n\n<p><strong>Una campanya per a donar respostes<\/strong><\/p>\n\n\n\n<p>Amb aquesta campa\u00f1a, fresca i innovadora, la Confer\u00e8ncia Episcopal busca donar respostes a una generaci\u00f3 de pares que, condicionats per les tend\u00e8ncies socials, poden prendre decisions basades en la practicitat i no en la profunditat.<\/p>\n\n\n\n<figure class=\"wp-block-embed is-type-video is-provider-youtube wp-block-embed-youtube wp-embed-aspect-16-9 wp-has-aspect-ratio\"><div class=\"wp-block-embed__wrapper\">\n<iframe title=\"#Ap\u00fantaleAReli\" width=\"500\" height=\"281\" src=\"https:\/\/www.youtube.com\/embed\/x_kVcejS5mg?feature=oembed\" frameborder=\"0\" allow=\"accelerometer; autoplay; clipboard-write; encrypted-media; gyroscope; picture-in-picture; web-share\" referrerpolicy=\"strict-origin-when-cross-origin\" allowfullscreen><\/iframe>\n<\/div><\/figure>\n\n\n\n<p>Davant l&#8217;aparent \u201cfalta de valor\u201d de l&#8217;assignatura de Religi\u00f3, el missatge del v\u00eddeo i la <a href=\"https:\/\/meapuntoareligion.com\/\">p\u00e0gina web<\/a> creada exclusivament per a la campanya, mostra les importants raons que sustenten el valor d&#8217;aquesta mat\u00e8ria optativa.<\/p>\n\n\n\n<p>Aquesta campa\u00f1a tindr\u00e0 pres\u00e8ncia en premsa i canals digitals, procurant arribar a una generaci\u00f3 de pares amb fills en edats primerenques. Amb aquest nou llan\u00e7ament, la Confer\u00e8ncia Episcopal manifesta el seu continu inter\u00e8s per explorar noves maneres de connectar amb una audi\u00e8ncia de pares m\u00e9s joves, en una societat cada vegada m\u00e9s tecnol\u00f2gica.<\/p>\n","protected":false},"excerpt":{"rendered":"<p>La Comissi\u00f3 Episcopal per a l&#8217;Educaci\u00f3 i la Cultura ha llan\u00e7at la campanya \u2018S\u00f3n tantes les raons\u2026 apunta\u2019l a&nbsp;Reli\u2019, una iniciativa dissenyada per ajudar a les fam\u00edlies davant el proc\u00e9s&#8230;<\/p>\n","protected":false},"author":4,"featured_media":24056,"comment_status":"closed","ping_status":"open","sticky":false,"template":"","format":"standard","meta":{"_monsterinsights_skip_tracking":false,"_monsterinsights_sitenote_active":false,"_monsterinsights_sitenote_note":"","_monsterinsights_sitenote_category":0,"footnotes":""},"categories":[105,135],"tags":[],"class_list":["post-24058","post","type-post","status-publish","format-standard","has-post-thumbnail","hentry","category-noticias-ca","category-noticies"],"yoast_head":"<!-- This site is optimized with the Yoast SEO plugin v27.2 - https:\/\/yoast.com\/product\/yoast-seo-wordpress\/ -->\n<title>LA CONFER\u00c8NCIA EPISCOPAL LLAN\u00c7A LA CAMPANYA \u2018S\u00d3N TANTES LES RAONS\u2026 APUNTA\u2019L A\u00a0RELI\u2019 - Obispado de Ibiza<\/title>\n<meta name=\"robots\" content=\"index, follow, max-snippet:-1, max-image-preview:large, max-video-preview:-1\" \/>\n<link rel=\"canonical\" href=\"https:\/\/www.obispadodeibiza.es\/ca\/la-conferencia-episcopal-llanca-la-campanya-son-tantes-les-raons-apuntal-a-reli\/\" \/>\n<meta property=\"og:locale\" content=\"ca_ES\" \/>\n<meta property=\"og:type\" content=\"article\" \/>\n<meta property=\"og:title\" content=\"LA CONFER\u00c8NCIA EPISCOPAL LLAN\u00c7A LA CAMPANYA \u2018S\u00d3N TANTES LES RAONS\u2026 APUNTA\u2019L A\u00a0RELI\u2019 - Obispado de Ibiza\" \/>\n<meta property=\"og:description\" content=\"La Comissi\u00f3 Episcopal per a l&#8217;Educaci\u00f3 i la Cultura ha llan\u00e7at la campanya \u2018S\u00f3n tantes les raons\u2026 apunta\u2019l a&nbsp;Reli\u2019, una iniciativa dissenyada per ajudar a les fam\u00edlies davant el proc\u00e9s...\" \/>\n<meta property=\"og:url\" content=\"https:\/\/www.obispadodeibiza.es\/ca\/la-conferencia-episcopal-llanca-la-campanya-son-tantes-les-raons-apuntal-a-reli\/\" \/>\n<meta property=\"og:site_name\" content=\"Obispado de Ibiza\" \/>\n<meta property=\"article:published_time\" content=\"2026-04-30T04:00:00+00:00\" \/>\n<meta property=\"og:image\" content=\"https:\/\/www.obispadodeibiza.es\/wp-content\/uploads\/2026\/04\/religion-702x526-1.jpg\" \/>\n\t<meta property=\"og:image:width\" content=\"702\" \/>\n\t<meta property=\"og:image:height\" content=\"526\" \/>\n\t<meta property=\"og:image:type\" content=\"image\/jpeg\" \/>\n<meta name=\"author\" content=\"comunicacion\" \/>\n<meta name=\"twitter:card\" content=\"summary_large_image\" \/>\n<meta name=\"twitter:label1\" content=\"Escrit per\" \/>\n\t<meta name=\"twitter:data1\" content=\"comunicacion\" \/>\n\t<meta name=\"twitter:label2\" content=\"Temps estimat de lectura\" \/>\n\t<meta name=\"twitter:data2\" content=\"2 minuts\" \/>\n<script type=\"application\/ld+json\" class=\"yoast-schema-graph\">{\"@context\":\"https:\/\/schema.org\",\"@graph\":[{\"@type\":\"Article\",\"@id\":\"https:\/\/www.obispadodeibiza.es\/ca\/la-conferencia-episcopal-llanca-la-campanya-son-tantes-les-raons-apuntal-a-reli\/#article\",\"isPartOf\":{\"@id\":\"https:\/\/www.obispadodeibiza.es\/ca\/la-conferencia-episcopal-llanca-la-campanya-son-tantes-les-raons-apuntal-a-reli\/\"},\"author\":{\"name\":\"comunicacion\",\"@id\":\"https:\/\/www.obispadodeibiza.es\/ca\/#\/schema\/person\/e12423e229abea83411444918084d011\"},\"headline\":\"LA CONFER\u00c8NCIA EPISCOPAL LLAN\u00c7A LA CAMPANYA \u2018S\u00d3N TANTES LES RAONS\u2026 APUNTA\u2019L A\u00a0RELI\u2019\",\"datePublished\":\"2026-04-30T04:00:00+00:00\",\"mainEntityOfPage\":{\"@id\":\"https:\/\/www.obispadodeibiza.es\/ca\/la-conferencia-episcopal-llanca-la-campanya-son-tantes-les-raons-apuntal-a-reli\/\"},\"wordCount\":318,\"publisher\":{\"@id\":\"https:\/\/www.obispadodeibiza.es\/ca\/#organization\"},\"image\":{\"@id\":\"https:\/\/www.obispadodeibiza.es\/ca\/la-conferencia-episcopal-llanca-la-campanya-son-tantes-les-raons-apuntal-a-reli\/#primaryimage\"},\"thumbnailUrl\":\"https:\/\/www.obispadodeibiza.es\/wp-content\/uploads\/2026\/04\/religion-702x526-1.jpg\",\"articleSection\":[\"Noticias\",\"Not\u00edcies\"],\"inLanguage\":\"ca\"},{\"@type\":\"WebPage\",\"@id\":\"https:\/\/www.obispadodeibiza.es\/ca\/la-conferencia-episcopal-llanca-la-campanya-son-tantes-les-raons-apuntal-a-reli\/\",\"url\":\"https:\/\/www.obispadodeibiza.es\/ca\/la-conferencia-episcopal-llanca-la-campanya-son-tantes-les-raons-apuntal-a-reli\/\",\"name\":\"LA CONFER\u00c8NCIA EPISCOPAL LLAN\u00c7A LA CAMPANYA \u2018S\u00d3N TANTES LES RAONS\u2026 APUNTA\u2019L A\u00a0RELI\u2019 - Obispado de Ibiza\",\"isPartOf\":{\"@id\":\"https:\/\/www.obispadodeibiza.es\/ca\/#website\"},\"primaryImageOfPage\":{\"@id\":\"https:\/\/www.obispadodeibiza.es\/ca\/la-conferencia-episcopal-llanca-la-campanya-son-tantes-les-raons-apuntal-a-reli\/#primaryimage\"},\"image\":{\"@id\":\"https:\/\/www.obispadodeibiza.es\/ca\/la-conferencia-episcopal-llanca-la-campanya-son-tantes-les-raons-apuntal-a-reli\/#primaryimage\"},\"thumbnailUrl\":\"https:\/\/www.obispadodeibiza.es\/wp-content\/uploads\/2026\/04\/religion-702x526-1.jpg\",\"datePublished\":\"2026-04-30T04:00:00+00:00\",\"breadcrumb\":{\"@id\":\"https:\/\/www.obispadodeibiza.es\/ca\/la-conferencia-episcopal-llanca-la-campanya-son-tantes-les-raons-apuntal-a-reli\/#breadcrumb\"},\"inLanguage\":\"ca\",\"potentialAction\":[{\"@type\":\"ReadAction\",\"target\":[\"https:\/\/www.obispadodeibiza.es\/ca\/la-conferencia-episcopal-llanca-la-campanya-son-tantes-les-raons-apuntal-a-reli\/\"]}]},{\"@type\":\"ImageObject\",\"inLanguage\":\"ca\",\"@id\":\"https:\/\/www.obispadodeibiza.es\/ca\/la-conferencia-episcopal-llanca-la-campanya-son-tantes-les-raons-apuntal-a-reli\/#primaryimage\",\"url\":\"https:\/\/www.obispadodeibiza.es\/wp-content\/uploads\/2026\/04\/religion-702x526-1.jpg\",\"contentUrl\":\"https:\/\/www.obispadodeibiza.es\/wp-content\/uploads\/2026\/04\/religion-702x526-1.jpg\",\"width\":702,\"height\":526},{\"@type\":\"BreadcrumbList\",\"@id\":\"https:\/\/www.obispadodeibiza.es\/ca\/la-conferencia-episcopal-llanca-la-campanya-son-tantes-les-raons-apuntal-a-reli\/#breadcrumb\",\"itemListElement\":[{\"@type\":\"ListItem\",\"position\":1,\"name\":\"Home\",\"item\":\"https:\/\/www.obispadodeibiza.es\/ca\/?page_id=23429\"},{\"@type\":\"ListItem\",\"position\":2,\"name\":\"LA CONFER\u00c8NCIA EPISCOPAL LLAN\u00c7A LA CAMPANYA \u2018S\u00d3N TANTES LES RAONS\u2026 APUNTA\u2019L A\u00a0RELI\u2019\"}]},{\"@type\":\"WebSite\",\"@id\":\"https:\/\/www.obispadodeibiza.es\/ca\/#website\",\"url\":\"https:\/\/www.obispadodeibiza.es\/ca\/\",\"name\":\"Obispado de Ibiza\",\"description\":\"Web Oficial de la Di\u00f3cesis de Ibiza\",\"publisher\":{\"@id\":\"https:\/\/www.obispadodeibiza.es\/ca\/#organization\"},\"potentialAction\":[{\"@type\":\"SearchAction\",\"target\":{\"@type\":\"EntryPoint\",\"urlTemplate\":\"https:\/\/www.obispadodeibiza.es\/ca\/?s={search_term_string}\"},\"query-input\":{\"@type\":\"PropertyValueSpecification\",\"valueRequired\":true,\"valueName\":\"search_term_string\"}}],\"inLanguage\":\"ca\"},{\"@type\":\"Organization\",\"@id\":\"https:\/\/www.obispadodeibiza.es\/ca\/#organization\",\"name\":\"Obispado de Ibiza\",\"url\":\"https:\/\/www.obispadodeibiza.es\/ca\/\",\"logo\":{\"@type\":\"ImageObject\",\"inLanguage\":\"ca\",\"@id\":\"https:\/\/www.obispadodeibiza.es\/ca\/#\/schema\/logo\/image\/\",\"url\":\"https:\/\/www.obispadodeibiza.es\/wp-content\/uploads\/2021\/03\/logo-bisbat-eivissa-color.png\",\"contentUrl\":\"https:\/\/www.obispadodeibiza.es\/wp-content\/uploads\/2021\/03\/logo-bisbat-eivissa-color.png\",\"width\":1739,\"height\":1544,\"caption\":\"Obispado de Ibiza\"},\"image\":{\"@id\":\"https:\/\/www.obispadodeibiza.es\/ca\/#\/schema\/logo\/image\/\"}},{\"@type\":\"Person\",\"@id\":\"https:\/\/www.obispadodeibiza.es\/ca\/#\/schema\/person\/e12423e229abea83411444918084d011\",\"name\":\"comunicacion\",\"sameAs\":[\"sbq-ibiza\"],\"url\":\"https:\/\/www.obispadodeibiza.es\/ca\/author\/comunicacion\/\"}]}<\/script>\n<!-- \/ Yoast SEO plugin. -->","yoast_head_json":{"title":"LA CONFER\u00c8NCIA EPISCOPAL LLAN\u00c7A LA CAMPANYA \u2018S\u00d3N TANTES LES RAONS\u2026 APUNTA\u2019L A\u00a0RELI\u2019 - Obispado de Ibiza","robots":{"index":"index","follow":"follow","max-snippet":"max-snippet:-1","max-image-preview":"max-image-preview:large","max-video-preview":"max-video-preview:-1"},"canonical":"https:\/\/www.obispadodeibiza.es\/ca\/la-conferencia-episcopal-llanca-la-campanya-son-tantes-les-raons-apuntal-a-reli\/","og_locale":"ca_ES","og_type":"article","og_title":"LA CONFER\u00c8NCIA EPISCOPAL LLAN\u00c7A LA CAMPANYA \u2018S\u00d3N TANTES LES RAONS\u2026 APUNTA\u2019L A\u00a0RELI\u2019 - Obispado de Ibiza","og_description":"La Comissi\u00f3 Episcopal per a l&#8217;Educaci\u00f3 i la Cultura ha llan\u00e7at la campanya \u2018S\u00f3n tantes les raons\u2026 apunta\u2019l a&nbsp;Reli\u2019, una iniciativa dissenyada per ajudar a les fam\u00edlies davant el proc\u00e9s...","og_url":"https:\/\/www.obispadodeibiza.es\/ca\/la-conferencia-episcopal-llanca-la-campanya-son-tantes-les-raons-apuntal-a-reli\/","og_site_name":"Obispado de Ibiza","article_published_time":"2026-04-30T04:00:00+00:00","og_image":[{"width":702,"height":526,"url":"https:\/\/www.obispadodeibiza.es\/wp-content\/uploads\/2026\/04\/religion-702x526-1.jpg","type":"image\/jpeg"}],"author":"comunicacion","twitter_card":"summary_large_image","twitter_misc":{"Escrit per":"comunicacion","Temps estimat de lectura":"2 minuts"},"schema":{"@context":"https:\/\/schema.org","@graph":[{"@type":"Article","@id":"https:\/\/www.obispadodeibiza.es\/ca\/la-conferencia-episcopal-llanca-la-campanya-son-tantes-les-raons-apuntal-a-reli\/#article","isPartOf":{"@id":"https:\/\/www.obispadodeibiza.es\/ca\/la-conferencia-episcopal-llanca-la-campanya-son-tantes-les-raons-apuntal-a-reli\/"},"author":{"name":"comunicacion","@id":"https:\/\/www.obispadodeibiza.es\/ca\/#\/schema\/person\/e12423e229abea83411444918084d011"},"headline":"LA CONFER\u00c8NCIA EPISCOPAL LLAN\u00c7A LA CAMPANYA \u2018S\u00d3N TANTES LES RAONS\u2026 APUNTA\u2019L A\u00a0RELI\u2019","datePublished":"2026-04-30T04:00:00+00:00","mainEntityOfPage":{"@id":"https:\/\/www.obispadodeibiza.es\/ca\/la-conferencia-episcopal-llanca-la-campanya-son-tantes-les-raons-apuntal-a-reli\/"},"wordCount":318,"publisher":{"@id":"https:\/\/www.obispadodeibiza.es\/ca\/#organization"},"image":{"@id":"https:\/\/www.obispadodeibiza.es\/ca\/la-conferencia-episcopal-llanca-la-campanya-son-tantes-les-raons-apuntal-a-reli\/#primaryimage"},"thumbnailUrl":"https:\/\/www.obispadodeibiza.es\/wp-content\/uploads\/2026\/04\/religion-702x526-1.jpg","articleSection":["Noticias","Not\u00edcies"],"inLanguage":"ca"},{"@type":"WebPage","@id":"https:\/\/www.obispadodeibiza.es\/ca\/la-conferencia-episcopal-llanca-la-campanya-son-tantes-les-raons-apuntal-a-reli\/","url":"https:\/\/www.obispadodeibiza.es\/ca\/la-conferencia-episcopal-llanca-la-campanya-son-tantes-les-raons-apuntal-a-reli\/","name":"LA CONFER\u00c8NCIA EPISCOPAL LLAN\u00c7A LA CAMPANYA \u2018S\u00d3N TANTES LES RAONS\u2026 APUNTA\u2019L A\u00a0RELI\u2019 - Obispado de Ibiza","isPartOf":{"@id":"https:\/\/www.obispadodeibiza.es\/ca\/#website"},"primaryImageOfPage":{"@id":"https:\/\/www.obispadodeibiza.es\/ca\/la-conferencia-episcopal-llanca-la-campanya-son-tantes-les-raons-apuntal-a-reli\/#primaryimage"},"image":{"@id":"https:\/\/www.obispadodeibiza.es\/ca\/la-conferencia-episcopal-llanca-la-campanya-son-tantes-les-raons-apuntal-a-reli\/#primaryimage"},"thumbnailUrl":"https:\/\/www.obispadodeibiza.es\/wp-content\/uploads\/2026\/04\/religion-702x526-1.jpg","datePublished":"2026-04-30T04:00:00+00:00","breadcrumb":{"@id":"https:\/\/www.obispadodeibiza.es\/ca\/la-conferencia-episcopal-llanca-la-campanya-son-tantes-les-raons-apuntal-a-reli\/#breadcrumb"},"inLanguage":"ca","potentialAction":[{"@type":"ReadAction","target":["https:\/\/www.obispadodeibiza.es\/ca\/la-conferencia-episcopal-llanca-la-campanya-son-tantes-les-raons-apuntal-a-reli\/"]}]},{"@type":"ImageObject","inLanguage":"ca","@id":"https:\/\/www.obispadodeibiza.es\/ca\/la-conferencia-episcopal-llanca-la-campanya-son-tantes-les-raons-apuntal-a-reli\/#primaryimage","url":"https:\/\/www.obispadodeibiza.es\/wp-content\/uploads\/2026\/04\/religion-702x526-1.jpg","contentUrl":"https:\/\/www.obispadodeibiza.es\/wp-content\/uploads\/2026\/04\/religion-702x526-1.jpg","width":702,"height":526},{"@type":"BreadcrumbList","@id":"https:\/\/www.obispadodeibiza.es\/ca\/la-conferencia-episcopal-llanca-la-campanya-son-tantes-les-raons-apuntal-a-reli\/#breadcrumb","itemListElement":[{"@type":"ListItem","position":1,"name":"Home","item":"https:\/\/www.obispadodeibiza.es\/ca\/?page_id=23429"},{"@type":"ListItem","position":2,"name":"LA CONFER\u00c8NCIA EPISCOPAL LLAN\u00c7A LA CAMPANYA \u2018S\u00d3N TANTES LES RAONS\u2026 APUNTA\u2019L A\u00a0RELI\u2019"}]},{"@type":"WebSite","@id":"https:\/\/www.obispadodeibiza.es\/ca\/#website","url":"https:\/\/www.obispadodeibiza.es\/ca\/","name":"Obispado de Ibiza","description":"Web Oficial de la Di\u00f3cesis de Ibiza","publisher":{"@id":"https:\/\/www.obispadodeibiza.es\/ca\/#organization"},"potentialAction":[{"@type":"SearchAction","target":{"@type":"EntryPoint","urlTemplate":"https:\/\/www.obispadodeibiza.es\/ca\/?s={search_term_string}"},"query-input":{"@type":"PropertyValueSpecification","valueRequired":true,"valueName":"search_term_string"}}],"inLanguage":"ca"},{"@type":"Organization","@id":"https:\/\/www.obispadodeibiza.es\/ca\/#organization","name":"Obispado de Ibiza","url":"https:\/\/www.obispadodeibiza.es\/ca\/","logo":{"@type":"ImageObject","inLanguage":"ca","@id":"https:\/\/www.obispadodeibiza.es\/ca\/#\/schema\/logo\/image\/","url":"https:\/\/www.obispadodeibiza.es\/wp-content\/uploads\/2021\/03\/logo-bisbat-eivissa-color.png","contentUrl":"https:\/\/www.obispadodeibiza.es\/wp-content\/uploads\/2021\/03\/logo-bisbat-eivissa-color.png","width":1739,"height":1544,"caption":"Obispado de Ibiza"},"image":{"@id":"https:\/\/www.obispadodeibiza.es\/ca\/#\/schema\/logo\/image\/"}},{"@type":"Person","@id":"https:\/\/www.obispadodeibiza.es\/ca\/#\/schema\/person\/e12423e229abea83411444918084d011","name":"comunicacion","sameAs":["sbq-ibiza"],"url":"https:\/\/www.obispadodeibiza.es\/ca\/author\/comunicacion\/"}]}},"_links":{"self":[{"href":"https:\/\/www.obispadodeibiza.es\/ca\/wp-json\/wp\/v2\/posts\/24058","targetHints":{"allow":["GET"]}}],"collection":[{"href":"https:\/\/www.obispadodeibiza.es\/ca\/wp-json\/wp\/v2\/posts"}],"about":[{"href":"https:\/\/www.obispadodeibiza.es\/ca\/wp-json\/wp\/v2\/types\/post"}],"author":[{"embeddable":true,"href":"https:\/\/www.obispadodeibiza.es\/ca\/wp-json\/wp\/v2\/users\/4"}],"replies":[{"embeddable":true,"href":"https:\/\/www.obispadodeibiza.es\/ca\/wp-json\/wp\/v2\/comments?post=24058"}],"version-history":[{"count":1,"href":"https:\/\/www.obispadodeibiza.es\/ca\/wp-json\/wp\/v2\/posts\/24058\/revisions"}],"predecessor-version":[{"id":24059,"href":"https:\/\/www.obispadodeibiza.es\/ca\/wp-json\/wp\/v2\/posts\/24058\/revisions\/24059"}],"wp:featuredmedia":[{"embeddable":true,"href":"https:\/\/www.obispadodeibiza.es\/ca\/wp-json\/wp\/v2\/media\/24056"}],"wp:attachment":[{"href":"https:\/\/www.obispadodeibiza.es\/ca\/wp-json\/wp\/v2\/media?parent=24058"}],"wp:term":[{"taxonomy":"category","embeddable":true,"href":"https:\/\/www.obispadodeibiza.es\/ca\/wp-json\/wp\/v2\/categories?post=24058"},{"taxonomy":"post_tag","embeddable":true,"href":"https:\/\/www.obispadodeibiza.es\/ca\/wp-json\/wp\/v2\/tags?post=24058"}],"curies":[{"name":"wp","href":"https:\/\/api.w.org\/{rel}","templated":true}]}}