{"id":26677,"date":"2026-08-30T22:00:00","date_gmt":"2026-08-30T20:00:00","guid":{"rendered":"https:\/\/www.obispadodeibiza.es\/?p=26677"},"modified":"2026-08-28T20:53:07","modified_gmt":"2026-08-28T18:53:07","slug":"la-parroquia-de-la-mare-de-deu-de-jesus-celebra-el-8-de-setembre-la-seua-festa-patronal","status":"publish","type":"post","link":"https:\/\/www.obispadodeibiza.es\/ca\/la-parroquia-de-la-mare-de-deu-de-jesus-celebra-el-8-de-setembre-la-seua-festa-patronal\/","title":{"rendered":"LA PARR\u00d2QUIA DE LA MARE DE D\u00c9U DE JES\u00daS CELEBRA EL 8 DE SETEMBRE LA SEUA FESTA PATRONAL"},"content":{"rendered":"<style type=\"text\/css\"><\/style>\n<p class=\"wp-block-paragraph\">La parr\u00f2quia i el poble de Jes\u00fas celebren el <strong>dimarts 8 de setembre<\/strong> la seua festa patronal, la solemnitat de <strong>la Mare de D\u00e9u de Jes\u00fas<\/strong>. En honor seu s&#8217;oficiar\u00e0, <strong>a les 11:30 del mat\u00ed<\/strong>, la missa de festa, seguida de process\u00f3, presidides pel bisbe d&#8217;Eivissa, <strong>Mons. Vicent Ribas<\/strong>. Aquestes celebracions lit\u00fargiques comptaran amb la participaci\u00f3 del <strong>Cor des Pla de Jes\u00fas<\/strong> i <strong>sa Colla de l\u2019Horta<\/strong>.<\/p>\n\n\n\n<p class=\"wp-block-paragraph\">Diu el canonge i historiador <strong>Joan Mar\u00ed Cardona<\/strong>, que la festa patronal de Jes\u00fas era <strong>una de les m\u00e9s tradicionals i arrelades de tota Eivissa<\/strong>, i que l&#8217;esgl\u00e9sia era \u201csantuari de curts pelegrinatges, especialment de gent de la mar\u201d, que visitava el temple no nom\u00e9s el dia de la patrona, sin\u00f3 al llarg de tot l&#8217;any. En tot cas, cada 8 de setembre una multitud de gent de la ciutat i d&#8217;altres indrets de l&#8217;illa es concentrava al poble per participar en <strong>una celebraci\u00f3 que va assolir una gran popularitat<\/strong>, semblant a la de Sant Jordi.<\/p>\n\n\n\n<p class=\"wp-block-paragraph\">Segons el tamb\u00e9 capell\u00e0 i historiador <strong>Isidor Macabich<\/strong>, l&#8217;esgl\u00e9sia de la Mare de D\u00e9u de Jes\u00fas va ser <strong>constru\u00efda el 1466<\/strong>, encara que no han aparegut documents que permetin afirmar amb certesa qui i per qu\u00e8 la va edificar. Mar\u00ed Cardona sost\u00e9 que no va ser per iniciativa de la di\u00f2cesi de Tarragona (a la qual pertanyia la parr\u00f2quia d&#8217;Eivissa en aquella \u00e8poca), sin\u00f3 de la <strong>Universitat<\/strong>, la instituci\u00f3 que va governar Eivissa fins al segle XVIII, que tenia molt d&#8217;inter\u00e8s a atraure l&#8217;illa alguna congregaci\u00f3 religiosa per potenciar l&#8217;ensenyament, les predicacions i sumar arguments per a la seua reivindicaci\u00f3 de tenir una di\u00f2cesi pr\u00f2pia.<\/p>\n\n\n\n<figure class=\"wp-block-image size-full\"><img fetchpriority=\"high\" decoding=\"async\" width=\"860\" height=\"645\" src=\"https:\/\/www.obispadodeibiza.es\/wp-content\/uploads\/2026\/08\/Retablo_Jesus_Obispado_Ibiza.jpg\" alt=\"\" class=\"wp-image-26675\" srcset=\"https:\/\/www.obispadodeibiza.es\/wp-content\/uploads\/2026\/08\/Retablo_Jesus_Obispado_Ibiza.jpg 860w, https:\/\/www.obispadodeibiza.es\/wp-content\/uploads\/2026\/08\/Retablo_Jesus_Obispado_Ibiza-300x225.jpg 300w, https:\/\/www.obispadodeibiza.es\/wp-content\/uploads\/2026\/08\/Retablo_Jesus_Obispado_Ibiza-768x576.jpg 768w, https:\/\/www.obispadodeibiza.es\/wp-content\/uploads\/2026\/08\/Retablo_Jesus_Obispado_Ibiza-580x435.jpg 580w\" sizes=\"(max-width: 860px) 100vw, 860px\" \/><\/figure>\n\n\n\n<p class=\"wp-block-paragraph\">Est\u00e0 documentat que <strong>a finals del segle XV ja existia a Jes\u00fas una comunitat de franciscans<\/strong>, que va continuar all\u00ed almenys fins al 1577 i a la qual es deu <strong>el valu\u00f3s retaule que encara presideix el temple<\/strong>. Possiblement a causa de les freq\u00fcents incursions pirates, a les quals estaven molt exposats i cont\u00ednuament en perill de saquejos o de ser capturats, el cert \u00e9s que el 1580 els franciscans havien abandonat Jes\u00fas i <strong>la Universitat va cedir l&#8217;esgl\u00e9sia a l\u2019ordre dels dominics<\/strong>, malgrat l&#8217;oposici\u00f3 del clergat parroquial de Santa Maria. \u00c9s possible que, tot i els perills, els dominics acceptessin instal\u00b7lar-se a Jes\u00fas gr\u00e0cies a la promesa de la Universitat de cedir-los un terreny perqu\u00e8 poguessin construir un convent propi a Dalt Vila un cop acab\u00e0 la construcci\u00f3 de les murades, el 1585.<\/p>\n\n\n\n<p class=\"wp-block-paragraph\">En 1674, instal\u00b7lada ja la comunitat dominica al seu flamant convent del baluard de Santa Ll\u00facia, van decidir <strong>vendre el temple de Jes\u00fas a la parr\u00f2quia de Santa Maria<\/strong>, que per la seua part va carregar el cost als pobladors de la zona, que en aquest cas no van haver d&#8217;edificar la seua pr\u00f2pia esgl\u00e9sia, com es va fer als quartons, per\u00f2 s\u00ed pagar el que havia costat.<\/p>\n\n\n\n<p class=\"wp-block-paragraph\">En 1785, amb la divisi\u00f3 parroquial de l&#8217;illa efectuada pel primer bisbe d&#8217;Eivissa, <strong>Manuel Abad i Lasierra<\/strong>, La nostra Senyora de Jes\u00fas es va convertir en parr\u00f2quia, amb un territori que abastava les vendes de ses Torres, Cala Llonga, Santa Maria i l&#8217;Horta, encara que amb els anys aquesta darrera passaria a formar part de la nova parroquia del Puig d\u2019en Valls.<\/p>\n","protected":false},"excerpt":{"rendered":"<p>La parr\u00f2quia i el poble de Jes\u00fas celebren el dimarts 8 de setembre la seua festa patronal, la solemnitat de la Mare de D\u00e9u de Jes\u00fas. En honor seu s&#8217;oficiar\u00e0,&#8230;<\/p>\n","protected":false},"author":4,"featured_media":26672,"comment_status":"closed","ping_status":"open","sticky":false,"template":"","format":"standard","meta":{"_monsterinsights_skip_tracking":false,"footnotes":""},"categories":[105,135],"tags":[],"class_list":["post-26677","post","type-post","status-publish","format-standard","has-post-thumbnail","hentry","category-noticias-ca","category-noticies"],"yoast_head":"<!-- This site is optimized with the Yoast SEO plugin v28.1 - https:\/\/yoast.com\/product\/yoast-seo-wordpress\/ -->\n<title>LA PARR\u00d2QUIA DE LA MARE DE D\u00c9U DE JES\u00daS CELEBRA EL 8 DE SETEMBRE LA SEUA FESTA PATRONAL - Obispado de Ibiza<\/title>\n<meta name=\"robots\" content=\"index, follow, max-snippet:-1, max-image-preview:large, max-video-preview:-1\" \/>\n<link rel=\"canonical\" href=\"https:\/\/www.obispadodeibiza.es\/ca\/la-parroquia-de-la-mare-de-deu-de-jesus-celebra-el-8-de-setembre-la-seua-festa-patronal\/\" \/>\n<meta property=\"og:locale\" content=\"ca_ES\" \/>\n<meta property=\"og:type\" content=\"article\" \/>\n<meta property=\"og:title\" content=\"LA PARR\u00d2QUIA DE LA MARE DE D\u00c9U DE JES\u00daS CELEBRA EL 8 DE SETEMBRE LA SEUA FESTA PATRONAL - Obispado de Ibiza\" \/>\n<meta property=\"og:description\" content=\"La parr\u00f2quia i el poble de Jes\u00fas celebren el dimarts 8 de setembre la seua festa patronal, la solemnitat de la Mare de D\u00e9u de Jes\u00fas. En honor seu s&#8217;oficiar\u00e0,...\" \/>\n<meta property=\"og:url\" content=\"https:\/\/www.obispadodeibiza.es\/ca\/la-parroquia-de-la-mare-de-deu-de-jesus-celebra-el-8-de-setembre-la-seua-festa-patronal\/\" \/>\n<meta property=\"og:site_name\" content=\"Obispado de Ibiza\" \/>\n<meta property=\"article:published_time\" content=\"2026-08-30T20:00:00+00:00\" \/>\n<meta property=\"og:image\" content=\"https:\/\/www.obispadodeibiza.es\/wp-content\/uploads\/2026\/08\/Jesus15-scaled-e1600083311604.jpg\" \/>\n\t<meta property=\"og:image:width\" content=\"1920\" \/>\n\t<meta property=\"og:image:height\" content=\"1440\" \/>\n\t<meta property=\"og:image:type\" content=\"image\/jpeg\" \/>\n<meta name=\"author\" content=\"comunicacion\" \/>\n<meta name=\"twitter:card\" content=\"summary_large_image\" \/>\n<meta name=\"twitter:label1\" content=\"Escrit per\" \/>\n\t<meta name=\"twitter:data1\" content=\"comunicacion\" \/>\n\t<meta name=\"twitter:label2\" content=\"Temps estimat de lectura\" \/>\n\t<meta name=\"twitter:data2\" content=\"3 minuts\" \/>\n<script type=\"application\/ld+json\" class=\"yoast-schema-graph\">{\"@context\":\"https:\\\/\\\/schema.org\",\"@graph\":[{\"@type\":\"Article\",\"@id\":\"https:\\\/\\\/www.obispadodeibiza.es\\\/ca\\\/la-parroquia-de-la-mare-de-deu-de-jesus-celebra-el-8-de-setembre-la-seua-festa-patronal\\\/#article\",\"isPartOf\":{\"@id\":\"https:\\\/\\\/www.obispadodeibiza.es\\\/ca\\\/la-parroquia-de-la-mare-de-deu-de-jesus-celebra-el-8-de-setembre-la-seua-festa-patronal\\\/\"},\"author\":{\"name\":\"comunicacion\",\"@id\":\"https:\\\/\\\/www.obispadodeibiza.es\\\/ca\\\/#\\\/schema\\\/person\\\/e12423e229abea83411444918084d011\"},\"headline\":\"LA PARR\u00d2QUIA DE LA MARE DE D\u00c9U DE JES\u00daS CELEBRA EL 8 DE SETEMBRE LA SEUA FESTA PATRONAL\",\"datePublished\":\"2026-08-30T20:00:00+00:00\",\"mainEntityOfPage\":{\"@id\":\"https:\\\/\\\/www.obispadodeibiza.es\\\/ca\\\/la-parroquia-de-la-mare-de-deu-de-jesus-celebra-el-8-de-setembre-la-seua-festa-patronal\\\/\"},\"wordCount\":599,\"publisher\":{\"@id\":\"https:\\\/\\\/www.obispadodeibiza.es\\\/ca\\\/#organization\"},\"image\":{\"@id\":\"https:\\\/\\\/www.obispadodeibiza.es\\\/ca\\\/la-parroquia-de-la-mare-de-deu-de-jesus-celebra-el-8-de-setembre-la-seua-festa-patronal\\\/#primaryimage\"},\"thumbnailUrl\":\"https:\\\/\\\/www.obispadodeibiza.es\\\/wp-content\\\/uploads\\\/2026\\\/08\\\/Jesus15-scaled-e1600083311604.jpg\",\"articleSection\":[\"Noticias\",\"Not\u00edcies\"],\"inLanguage\":\"ca\"},{\"@type\":\"WebPage\",\"@id\":\"https:\\\/\\\/www.obispadodeibiza.es\\\/ca\\\/la-parroquia-de-la-mare-de-deu-de-jesus-celebra-el-8-de-setembre-la-seua-festa-patronal\\\/\",\"url\":\"https:\\\/\\\/www.obispadodeibiza.es\\\/ca\\\/la-parroquia-de-la-mare-de-deu-de-jesus-celebra-el-8-de-setembre-la-seua-festa-patronal\\\/\",\"name\":\"LA PARR\u00d2QUIA DE LA MARE DE D\u00c9U DE JES\u00daS CELEBRA EL 8 DE SETEMBRE LA SEUA FESTA PATRONAL - Obispado de Ibiza\",\"isPartOf\":{\"@id\":\"https:\\\/\\\/www.obispadodeibiza.es\\\/ca\\\/#website\"},\"primaryImageOfPage\":{\"@id\":\"https:\\\/\\\/www.obispadodeibiza.es\\\/ca\\\/la-parroquia-de-la-mare-de-deu-de-jesus-celebra-el-8-de-setembre-la-seua-festa-patronal\\\/#primaryimage\"},\"image\":{\"@id\":\"https:\\\/\\\/www.obispadodeibiza.es\\\/ca\\\/la-parroquia-de-la-mare-de-deu-de-jesus-celebra-el-8-de-setembre-la-seua-festa-patronal\\\/#primaryimage\"},\"thumbnailUrl\":\"https:\\\/\\\/www.obispadodeibiza.es\\\/wp-content\\\/uploads\\\/2026\\\/08\\\/Jesus15-scaled-e1600083311604.jpg\",\"datePublished\":\"2026-08-30T20:00:00+00:00\",\"inLanguage\":\"ca\",\"potentialAction\":[{\"@type\":\"ReadAction\",\"target\":[\"https:\\\/\\\/www.obispadodeibiza.es\\\/ca\\\/la-parroquia-de-la-mare-de-deu-de-jesus-celebra-el-8-de-setembre-la-seua-festa-patronal\\\/\"]}]},{\"@type\":\"ImageObject\",\"inLanguage\":\"ca\",\"@id\":\"https:\\\/\\\/www.obispadodeibiza.es\\\/ca\\\/la-parroquia-de-la-mare-de-deu-de-jesus-celebra-el-8-de-setembre-la-seua-festa-patronal\\\/#primaryimage\",\"url\":\"https:\\\/\\\/www.obispadodeibiza.es\\\/wp-content\\\/uploads\\\/2026\\\/08\\\/Jesus15-scaled-e1600083311604.jpg\",\"contentUrl\":\"https:\\\/\\\/www.obispadodeibiza.es\\\/wp-content\\\/uploads\\\/2026\\\/08\\\/Jesus15-scaled-e1600083311604.jpg\",\"width\":1920,\"height\":1440,\"caption\":\"OLYMPUS DIGITAL CAMERA\"},{\"@type\":\"WebSite\",\"@id\":\"https:\\\/\\\/www.obispadodeibiza.es\\\/ca\\\/#website\",\"url\":\"https:\\\/\\\/www.obispadodeibiza.es\\\/ca\\\/\",\"name\":\"Obispado de Ibiza\",\"description\":\"Web Oficial de la Di\u00f3cesis de Ibiza\",\"publisher\":{\"@id\":\"https:\\\/\\\/www.obispadodeibiza.es\\\/ca\\\/#organization\"},\"potentialAction\":[{\"@type\":\"SearchAction\",\"target\":{\"@type\":\"EntryPoint\",\"urlTemplate\":\"https:\\\/\\\/www.obispadodeibiza.es\\\/ca\\\/?s={search_term_string}\"},\"query-input\":{\"@type\":\"PropertyValueSpecification\",\"valueRequired\":true,\"valueName\":\"search_term_string\"}}],\"inLanguage\":\"ca\"},{\"@type\":\"Organization\",\"@id\":\"https:\\\/\\\/www.obispadodeibiza.es\\\/ca\\\/#organization\",\"name\":\"Obispado de Ibiza\",\"url\":\"https:\\\/\\\/www.obispadodeibiza.es\\\/ca\\\/\",\"logo\":{\"@type\":\"ImageObject\",\"inLanguage\":\"ca\",\"@id\":\"https:\\\/\\\/www.obispadodeibiza.es\\\/ca\\\/#\\\/schema\\\/logo\\\/image\\\/\",\"url\":\"https:\\\/\\\/www.obispadodeibiza.es\\\/wp-content\\\/uploads\\\/2021\\\/03\\\/logo-bisbat-eivissa-color.png\",\"contentUrl\":\"https:\\\/\\\/www.obispadodeibiza.es\\\/wp-content\\\/uploads\\\/2021\\\/03\\\/logo-bisbat-eivissa-color.png\",\"width\":1739,\"height\":1544,\"caption\":\"Obispado de Ibiza\"},\"image\":{\"@id\":\"https:\\\/\\\/www.obispadodeibiza.es\\\/ca\\\/#\\\/schema\\\/logo\\\/image\\\/\"}},{\"@type\":\"Person\",\"@id\":\"https:\\\/\\\/www.obispadodeibiza.es\\\/ca\\\/#\\\/schema\\\/person\\\/e12423e229abea83411444918084d011\",\"name\":\"comunicacion\",\"sameAs\":[\"sbq-ibiza\"],\"url\":\"https:\\\/\\\/www.obispadodeibiza.es\\\/ca\\\/author\\\/comunicacion\\\/\"}]}<\/script>\n<!-- \/ Yoast SEO plugin. -->","yoast_head_json":{"title":"LA PARR\u00d2QUIA DE LA MARE DE D\u00c9U DE JES\u00daS CELEBRA EL 8 DE SETEMBRE LA SEUA FESTA PATRONAL - Obispado de Ibiza","robots":{"index":"index","follow":"follow","max-snippet":"max-snippet:-1","max-image-preview":"max-image-preview:large","max-video-preview":"max-video-preview:-1"},"canonical":"https:\/\/www.obispadodeibiza.es\/ca\/la-parroquia-de-la-mare-de-deu-de-jesus-celebra-el-8-de-setembre-la-seua-festa-patronal\/","og_locale":"ca_ES","og_type":"article","og_title":"LA PARR\u00d2QUIA DE LA MARE DE D\u00c9U DE JES\u00daS CELEBRA EL 8 DE SETEMBRE LA SEUA FESTA PATRONAL - Obispado de Ibiza","og_description":"La parr\u00f2quia i el poble de Jes\u00fas celebren el dimarts 8 de setembre la seua festa patronal, la solemnitat de la Mare de D\u00e9u de Jes\u00fas. En honor seu s&#8217;oficiar\u00e0,...","og_url":"https:\/\/www.obispadodeibiza.es\/ca\/la-parroquia-de-la-mare-de-deu-de-jesus-celebra-el-8-de-setembre-la-seua-festa-patronal\/","og_site_name":"Obispado de Ibiza","article_published_time":"2026-08-30T20:00:00+00:00","og_image":[{"width":1920,"height":1440,"url":"https:\/\/www.obispadodeibiza.es\/wp-content\/uploads\/2026\/08\/Jesus15-scaled-e1600083311604.jpg","type":"image\/jpeg"}],"author":"comunicacion","twitter_card":"summary_large_image","twitter_misc":{"Escrit per":"comunicacion","Temps estimat de lectura":"3 minuts"},"schema":{"@context":"https:\/\/schema.org","@graph":[{"@type":"Article","@id":"https:\/\/www.obispadodeibiza.es\/ca\/la-parroquia-de-la-mare-de-deu-de-jesus-celebra-el-8-de-setembre-la-seua-festa-patronal\/#article","isPartOf":{"@id":"https:\/\/www.obispadodeibiza.es\/ca\/la-parroquia-de-la-mare-de-deu-de-jesus-celebra-el-8-de-setembre-la-seua-festa-patronal\/"},"author":{"name":"comunicacion","@id":"https:\/\/www.obispadodeibiza.es\/ca\/#\/schema\/person\/e12423e229abea83411444918084d011"},"headline":"LA PARR\u00d2QUIA DE LA MARE DE D\u00c9U DE JES\u00daS CELEBRA EL 8 DE SETEMBRE LA SEUA FESTA PATRONAL","datePublished":"2026-08-30T20:00:00+00:00","mainEntityOfPage":{"@id":"https:\/\/www.obispadodeibiza.es\/ca\/la-parroquia-de-la-mare-de-deu-de-jesus-celebra-el-8-de-setembre-la-seua-festa-patronal\/"},"wordCount":599,"publisher":{"@id":"https:\/\/www.obispadodeibiza.es\/ca\/#organization"},"image":{"@id":"https:\/\/www.obispadodeibiza.es\/ca\/la-parroquia-de-la-mare-de-deu-de-jesus-celebra-el-8-de-setembre-la-seua-festa-patronal\/#primaryimage"},"thumbnailUrl":"https:\/\/www.obispadodeibiza.es\/wp-content\/uploads\/2026\/08\/Jesus15-scaled-e1600083311604.jpg","articleSection":["Noticias","Not\u00edcies"],"inLanguage":"ca"},{"@type":"WebPage","@id":"https:\/\/www.obispadodeibiza.es\/ca\/la-parroquia-de-la-mare-de-deu-de-jesus-celebra-el-8-de-setembre-la-seua-festa-patronal\/","url":"https:\/\/www.obispadodeibiza.es\/ca\/la-parroquia-de-la-mare-de-deu-de-jesus-celebra-el-8-de-setembre-la-seua-festa-patronal\/","name":"LA PARR\u00d2QUIA DE LA MARE DE D\u00c9U DE JES\u00daS CELEBRA EL 8 DE SETEMBRE LA SEUA FESTA PATRONAL - Obispado de Ibiza","isPartOf":{"@id":"https:\/\/www.obispadodeibiza.es\/ca\/#website"},"primaryImageOfPage":{"@id":"https:\/\/www.obispadodeibiza.es\/ca\/la-parroquia-de-la-mare-de-deu-de-jesus-celebra-el-8-de-setembre-la-seua-festa-patronal\/#primaryimage"},"image":{"@id":"https:\/\/www.obispadodeibiza.es\/ca\/la-parroquia-de-la-mare-de-deu-de-jesus-celebra-el-8-de-setembre-la-seua-festa-patronal\/#primaryimage"},"thumbnailUrl":"https:\/\/www.obispadodeibiza.es\/wp-content\/uploads\/2026\/08\/Jesus15-scaled-e1600083311604.jpg","datePublished":"2026-08-30T20:00:00+00:00","inLanguage":"ca","potentialAction":[{"@type":"ReadAction","target":["https:\/\/www.obispadodeibiza.es\/ca\/la-parroquia-de-la-mare-de-deu-de-jesus-celebra-el-8-de-setembre-la-seua-festa-patronal\/"]}]},{"@type":"ImageObject","inLanguage":"ca","@id":"https:\/\/www.obispadodeibiza.es\/ca\/la-parroquia-de-la-mare-de-deu-de-jesus-celebra-el-8-de-setembre-la-seua-festa-patronal\/#primaryimage","url":"https:\/\/www.obispadodeibiza.es\/wp-content\/uploads\/2026\/08\/Jesus15-scaled-e1600083311604.jpg","contentUrl":"https:\/\/www.obispadodeibiza.es\/wp-content\/uploads\/2026\/08\/Jesus15-scaled-e1600083311604.jpg","width":1920,"height":1440,"caption":"OLYMPUS DIGITAL CAMERA"},{"@type":"WebSite","@id":"https:\/\/www.obispadodeibiza.es\/ca\/#website","url":"https:\/\/www.obispadodeibiza.es\/ca\/","name":"Obispado de Ibiza","description":"Web Oficial de la Di\u00f3cesis de Ibiza","publisher":{"@id":"https:\/\/www.obispadodeibiza.es\/ca\/#organization"},"potentialAction":[{"@type":"SearchAction","target":{"@type":"EntryPoint","urlTemplate":"https:\/\/www.obispadodeibiza.es\/ca\/?s={search_term_string}"},"query-input":{"@type":"PropertyValueSpecification","valueRequired":true,"valueName":"search_term_string"}}],"inLanguage":"ca"},{"@type":"Organization","@id":"https:\/\/www.obispadodeibiza.es\/ca\/#organization","name":"Obispado de Ibiza","url":"https:\/\/www.obispadodeibiza.es\/ca\/","logo":{"@type":"ImageObject","inLanguage":"ca","@id":"https:\/\/www.obispadodeibiza.es\/ca\/#\/schema\/logo\/image\/","url":"https:\/\/www.obispadodeibiza.es\/wp-content\/uploads\/2021\/03\/logo-bisbat-eivissa-color.png","contentUrl":"https:\/\/www.obispadodeibiza.es\/wp-content\/uploads\/2021\/03\/logo-bisbat-eivissa-color.png","width":1739,"height":1544,"caption":"Obispado de Ibiza"},"image":{"@id":"https:\/\/www.obispadodeibiza.es\/ca\/#\/schema\/logo\/image\/"}},{"@type":"Person","@id":"https:\/\/www.obispadodeibiza.es\/ca\/#\/schema\/person\/e12423e229abea83411444918084d011","name":"comunicacion","sameAs":["sbq-ibiza"],"url":"https:\/\/www.obispadodeibiza.es\/ca\/author\/comunicacion\/"}]}},"_links":{"self":[{"href":"https:\/\/www.obispadodeibiza.es\/ca\/wp-json\/wp\/v2\/posts\/26677","targetHints":{"allow":["GET"]}}],"collection":[{"href":"https:\/\/www.obispadodeibiza.es\/ca\/wp-json\/wp\/v2\/posts"}],"about":[{"href":"https:\/\/www.obispadodeibiza.es\/ca\/wp-json\/wp\/v2\/types\/post"}],"author":[{"embeddable":true,"href":"https:\/\/www.obispadodeibiza.es\/ca\/wp-json\/wp\/v2\/users\/4"}],"replies":[{"embeddable":true,"href":"https:\/\/www.obispadodeibiza.es\/ca\/wp-json\/wp\/v2\/comments?post=26677"}],"version-history":[{"count":1,"href":"https:\/\/www.obispadodeibiza.es\/ca\/wp-json\/wp\/v2\/posts\/26677\/revisions"}],"predecessor-version":[{"id":26680,"href":"https:\/\/www.obispadodeibiza.es\/ca\/wp-json\/wp\/v2\/posts\/26677\/revisions\/26680"}],"wp:featuredmedia":[{"embeddable":true,"href":"https:\/\/www.obispadodeibiza.es\/ca\/wp-json\/wp\/v2\/media\/26672"}],"wp:attachment":[{"href":"https:\/\/www.obispadodeibiza.es\/ca\/wp-json\/wp\/v2\/media?parent=26677"}],"wp:term":[{"taxonomy":"category","embeddable":true,"href":"https:\/\/www.obispadodeibiza.es\/ca\/wp-json\/wp\/v2\/categories?post=26677"},{"taxonomy":"post_tag","embeddable":true,"href":"https:\/\/www.obispadodeibiza.es\/ca\/wp-json\/wp\/v2\/tags?post=26677"}],"curies":[{"name":"wp","href":"https:\/\/api.w.org\/{rel}","templated":true}]}}